{"id":32,"date":"2016-04-14T09:21:25","date_gmt":"2016-04-14T07:21:25","guid":{"rendered":"http:\/\/localhost\/hsw\/site\/?p=32"},"modified":"2016-04-15T07:35:39","modified_gmt":"2016-04-15T05:35:39","slug":"antje-boetius-im-interview","status":"publish","type":"post","link":"https:\/\/www.hochschulwettbewerb.net\/201617\/blog\/2016\/04\/14\/antje-boetius-im-interview\/","title":{"rendered":"\u201eWir sind Entdecker.\u201c \u2013 Meeresforscherin Antje Boetius im Interview"},"content":{"rendered":"<p style=\"text-align: left;\">\u201eWir wissen sehr wenig \u00fcber das Meer \u2013 wir sind da noch Entdecker,\u201c sagt die Meeresbiologin Antje Boetius. Die Lust das Unbekannte zu entdecken war ein Grund, warum Antje Boetius sich f\u00fcr dieses Forschungsgebiet entschieden hat. Bis heute hat sie die Faszination f\u00fcr das Meer behalten. In Vortr\u00e4gen und Medien-Auftritten steckt sie auch andere damit an.<\/p>\n<p>Nach \u00fcber einem Jahr als Vorsitzende des Lenkungsauschusses von <em>WiD<\/em> blickt <a class=\"intern\" href=\"http:\/\/www.wissenschaft-im-dialog.de\/ueber-uns\/organisation-und-gremien\/boetius\/\" target=\"_blank\">Antje Boetius<\/a> auf ihre Rundreise durch unsere Projekte und Themen zur\u00fcck und gibt einen Ausblick auf das Wissenschaftsjahr \u201eMeere und Ozeane\u201c, das f\u00fcr die Tiefseeforscherin ein ganz besonderes ist.<\/p>\n<!--[if lt IE 9]><script>document.createElement('audio');<\/script><![endif]-->\n<audio class=\"wp-audio-shortcode\" id=\"audio-32-1\" preload=\"none\" style=\"width: 100%;\" controls=\"controls\"><source type=\"audio\/mpeg\" src=\"https:\/\/www.hochschulwettbewerb.net\/201617\/wp-content\/uploads\/2016\/04\/WiD-Interview_Antje-Boetius.mp3?_=1\" \/><a href=\"https:\/\/www.hochschulwettbewerb.net\/201617\/wp-content\/uploads\/2016\/04\/WiD-Interview_Antje-Boetius.mp3\">https:\/\/www.hochschulwettbewerb.net\/201617\/wp-content\/uploads\/2016\/04\/WiD-Interview_Antje-Boetius.mp3<\/a><\/audio>\n<p><a class=\"document\" style=\"z-index: 2147483647;\" href=\"http:\/\/www.wissenschaft-im-dialog.de\/fileadmin\/user_upload\/Trends_und_Themen\/Dokumente\/WiD-Interview_Antje-Boetius.mp3\" target=\"_blank\">Download<\/a>\u00a0(mp3, 7.2 MB)<\/p>\n","protected":false},"excerpt":{"rendered":"<p>\u201eWir wissen sehr wenig \u00fcber das Meer \u2013 wir sind da noch Entdecker,\u201c sagt die Meeresbiologin Antje<span class=\"ellipsis\">&hellip;<\/span><\/p>\n","protected":false},"author":2,"featured_media":188,"comment_status":"closed","ping_status":"open","sticky":false,"template":"","format":"standard","meta":{"_acf_changed":false,"footnotes":""},"categories":[1],"tags":[],"class_list":["post-32","post","type-post","status-publish","format-standard","has-post-thumbnail","hentry","category-allgemein"],"acf":[],"aioseo_notices":[],"_links":{"self":[{"href":"https:\/\/www.hochschulwettbewerb.net\/201617\/wp-json\/wp\/v2\/posts\/32","targetHints":{"allow":["GET"]}}],"collection":[{"href":"https:\/\/www.hochschulwettbewerb.net\/201617\/wp-json\/wp\/v2\/posts"}],"about":[{"href":"https:\/\/www.hochschulwettbewerb.net\/201617\/wp-json\/wp\/v2\/types\/post"}],"author":[{"embeddable":true,"href":"https:\/\/www.hochschulwettbewerb.net\/201617\/wp-json\/wp\/v2\/users\/2"}],"replies":[{"embeddable":true,"href":"https:\/\/www.hochschulwettbewerb.net\/201617\/wp-json\/wp\/v2\/comments?post=32"}],"version-history":[{"count":17,"href":"https:\/\/www.hochschulwettbewerb.net\/201617\/wp-json\/wp\/v2\/posts\/32\/revisions"}],"predecessor-version":[{"id":281,"href":"https:\/\/www.hochschulwettbewerb.net\/201617\/wp-json\/wp\/v2\/posts\/32\/revisions\/281"}],"wp:featuredmedia":[{"embeddable":true,"href":"https:\/\/www.hochschulwettbewerb.net\/201617\/wp-json\/wp\/v2\/media\/188"}],"wp:attachment":[{"href":"https:\/\/www.hochschulwettbewerb.net\/201617\/wp-json\/wp\/v2\/media?parent=32"}],"wp:term":[{"taxonomy":"category","embeddable":true,"href":"https:\/\/www.hochschulwettbewerb.net\/201617\/wp-json\/wp\/v2\/categories?post=32"},{"taxonomy":"post_tag","embeddable":true,"href":"https:\/\/www.hochschulwettbewerb.net\/201617\/wp-json\/wp\/v2\/tags?post=32"}],"curies":[{"name":"wp","href":"https:\/\/api.w.org\/{rel}","templated":true}]}}