{"id":1,"date":"2018-05-18T09:00:48","date_gmt":"2018-05-18T07:00:48","guid":{"rendered":"http:\/\/www.hochschulwettbewerb.net\/sozialesunternehmertumplattformkonzepton\/?p=1"},"modified":"2018-05-18T09:47:45","modified_gmt":"2018-05-18T07:47:45","slug":"hallo-welt","status":"publish","type":"post","link":"https:\/\/www.hochschulwettbewerb.net\/2018\/sozialesunternehmertumplattformkonzepton\/2018\/05\/18\/hallo-welt\/","title":{"rendered":"Phase 1"},"content":{"rendered":"<p>Wir sind in der Planungsphase unseres Projekts Soziales Unternehmertum. Der grobe Ablauf ist festgelegt, jedoch steht uns die vorlesungsfreie Zeit ein bisschen im Wege, da wir zwischen Sommersemester und Wintersemester schwer an die Studierenden heran kommen. Ein Gro\u00dfteil h\u00e4lt sich nicht in Mittweida auf.<br \/>\nAus diesem Grund werden gewiss noch einige Termine umgelegt. Dennoch sind wir \u00a0zuversichtlich, dass wir viele Studierende f\u00fcr das Projekt begeistern k\u00f6nnen.<\/p>\n<p>Aktuell sind wir auf Teilnehmerakquise und haben im Zuge dessen Kontakt zum Fakult\u00e4tsrat und zu verschieden Dozierenden der Fakult\u00e4t Soziale Arbeit aufgenommen. Wir erhoffen uns, dass diese f\u00fcr unser Projekt werben und uns im Rahmen ihrer Lehrveranstaltungen Zeit zur Verf\u00fcgung stellen, in der wir uns und unser Vorhaben den Studierenden pr\u00e4sentieren k\u00f6nnen. Im Zuge der ersten Pr\u00e4sentationsveranstaltung haben sich bereits zwei Studierende der Fakult\u00e4t Soziale Arbeit angemeldet.<\/p>\n<p>Im Punkto \u00d6ffentlichkeitsarbeit und Social Media sind wir auf <a href=\"https:\/\/www.facebook.com\/Projekt-Soziales-Unternehmertum-184346062099523\/\">Facebook<\/a> zu finden und wir planen Citycards zu kreieren, die einerseits Studierende zum Mitmachen animieren sollen. Andererseits werden wir B\u00fcrger*innen aus Mittweida, Lehrende und alle Interessierte auf die Abstimmung der studentischen Ideen auf der Plattform <a href=\"https:\/\/www.startnext.com\/pages\/konzeption#contest\">Konzept!ON<\/a> aufmerksam machen und \u00fcber die \u00d6ffnung des Ladengesch\u00e4ftes informieren. Wir plane auch, in einem Beitrag im von Studierenden betriebenen Radiosender \u201e<a href=\"http:\/\/www.radio-mittweida.de\/\">99drei Radio Mittweida<\/a>\u201c \u00fcber uns berichten zu lassen und einen Artikel in der Lokalzeitung \u201edie Novum\u201c zu ver\u00f6ffentlichen, um so unsere Reichweite und Bekanntheit zu steigern.<\/p>\n<p>Ihr k\u00f6nnt gespannt sein, was weiter auf unseren Kan\u00e4len und in Mittweida passieren wird.<\/p>\n","protected":false},"excerpt":{"rendered":"<p>Wir sind in der Planungsphase unseres Projekts Soziales Unternehmertum. Der grobe Ablauf ist festgelegt, jedoch steht uns<span class=\"ellipsis\">&hellip;<\/span><\/p>\n","protected":false},"author":1,"featured_media":32,"comment_status":"closed","ping_status":"open","sticky":false,"template":"","format":"standard","meta":{"_acf_changed":false,"footnotes":""},"tags":[],"class_list":["post-1","post","type-post","status-publish","format-standard","has-post-thumbnail","hentry"],"acf":[],"aioseo_notices":[],"_links":{"self":[{"href":"https:\/\/www.hochschulwettbewerb.net\/2018\/sozialesunternehmertumplattformkonzepton\/wp-json\/wp\/v2\/posts\/1","targetHints":{"allow":["GET"]}}],"collection":[{"href":"https:\/\/www.hochschulwettbewerb.net\/2018\/sozialesunternehmertumplattformkonzepton\/wp-json\/wp\/v2\/posts"}],"about":[{"href":"https:\/\/www.hochschulwettbewerb.net\/2018\/sozialesunternehmertumplattformkonzepton\/wp-json\/wp\/v2\/types\/post"}],"author":[{"embeddable":true,"href":"https:\/\/www.hochschulwettbewerb.net\/2018\/sozialesunternehmertumplattformkonzepton\/wp-json\/wp\/v2\/users\/1"}],"replies":[{"embeddable":true,"href":"https:\/\/www.hochschulwettbewerb.net\/2018\/sozialesunternehmertumplattformkonzepton\/wp-json\/wp\/v2\/comments?post=1"}],"version-history":[{"count":2,"href":"https:\/\/www.hochschulwettbewerb.net\/2018\/sozialesunternehmertumplattformkonzepton\/wp-json\/wp\/v2\/posts\/1\/revisions"}],"predecessor-version":[{"id":33,"href":"https:\/\/www.hochschulwettbewerb.net\/2018\/sozialesunternehmertumplattformkonzepton\/wp-json\/wp\/v2\/posts\/1\/revisions\/33"}],"wp:featuredmedia":[{"embeddable":true,"href":"https:\/\/www.hochschulwettbewerb.net\/2018\/sozialesunternehmertumplattformkonzepton\/wp-json\/wp\/v2\/media\/32"}],"wp:attachment":[{"href":"https:\/\/www.hochschulwettbewerb.net\/2018\/sozialesunternehmertumplattformkonzepton\/wp-json\/wp\/v2\/media?parent=1"}],"wp:term":[{"taxonomy":"post_tag","embeddable":true,"href":"https:\/\/www.hochschulwettbewerb.net\/2018\/sozialesunternehmertumplattformkonzepton\/wp-json\/wp\/v2\/tags?post=1"}],"curies":[{"name":"wp","href":"https:\/\/api.w.org\/{rel}","templated":true}]}}