{"id":43,"date":"2018-09-12T12:32:39","date_gmt":"2018-09-12T10:32:39","guid":{"rendered":"https:\/\/www.hochschulwettbewerb.net\/2018\/sozialesunternehmertumplattformkonzepton\/?p=43"},"modified":"2018-09-12T12:32:39","modified_gmt":"2018-09-12T10:32:39","slug":"phase-3","status":"publish","type":"post","link":"https:\/\/www.hochschulwettbewerb.net\/2018\/sozialesunternehmertumplattformkonzepton\/2018\/09\/12\/phase-3\/","title":{"rendered":"PHASE 3"},"content":{"rendered":"<p>Seit unserem letzten Post ist einige Zeit vergangen. Diese haben wir genutzt, um uns in die von der Hochschule vorgegebenen Rahmenbedingungen wie in Abrechnung s\u00e4mtlicher Belege einzuarbeiten und uns um die Mietung eines geeigneten Ladengesch\u00e4ftes zu k\u00fcmmern. Dieses haben wir nun auch gefunden und werden ab 1.Oktober die Schl\u00fcssel in der Hand halten.<\/p>\n<p>Auch die Zeitr\u00e4ume in denen die Teams den Laden betreiben k\u00f6nnen stehen nun sicher fest. Wir einigten uns auf die Wochen von dem 15. bis 21.Oktober 2018, dem 29.Oktober bis 4.November 2018 und dem 19. bis 25.November 2018.<\/p>\n<p>Es hat sich inhaltlich sich einiges getan. Am vergangenen Montag veranstalteten wir unsere erste Infoveranstaltung mit Teilnehmenden des Projektes. Dabei ging es noch einmal detailiert um den Ablauf und die Umsetzung. Au\u00dferdem haben die Teilnehmer*innen einen Ideenzettel von uns erhalten, der helfen soll, die Ideen der Teams zu konkretisieren und Klarheit \u00fcber z.B. die Zielgruppe und die daraus resultierenden Arten der Akquirierung zu erhalten. Das n\u00e4chte Treffen haben wir f\u00fcr den 28.September geplant, da wird es wieder Gelegenheit geben mit uns die Projektideen durchzusprechen und zu verfeinern.<\/p>\n<p>Dennoch sind wir immer noch auf der Suche nach Personen, die ihre Idee in unserem Laden in Mittweida umsetzen m\u00f6chten und damit Soziale Arbeit in Mittweida sichtbar machen.<\/p>\n","protected":false},"excerpt":{"rendered":"<p>Seit unserem letzten Post ist einige Zeit vergangen. Diese haben wir genutzt, um uns in die von<span class=\"ellipsis\">&hellip;<\/span><\/p>\n","protected":false},"author":19,"featured_media":46,"comment_status":"closed","ping_status":"open","sticky":false,"template":"","format":"standard","meta":{"_acf_changed":false,"footnotes":""},"tags":[],"class_list":["post-43","post","type-post","status-publish","format-standard","has-post-thumbnail","hentry"],"acf":[],"aioseo_notices":[],"_links":{"self":[{"href":"https:\/\/www.hochschulwettbewerb.net\/2018\/sozialesunternehmertumplattformkonzepton\/wp-json\/wp\/v2\/posts\/43","targetHints":{"allow":["GET"]}}],"collection":[{"href":"https:\/\/www.hochschulwettbewerb.net\/2018\/sozialesunternehmertumplattformkonzepton\/wp-json\/wp\/v2\/posts"}],"about":[{"href":"https:\/\/www.hochschulwettbewerb.net\/2018\/sozialesunternehmertumplattformkonzepton\/wp-json\/wp\/v2\/types\/post"}],"author":[{"embeddable":true,"href":"https:\/\/www.hochschulwettbewerb.net\/2018\/sozialesunternehmertumplattformkonzepton\/wp-json\/wp\/v2\/users\/19"}],"replies":[{"embeddable":true,"href":"https:\/\/www.hochschulwettbewerb.net\/2018\/sozialesunternehmertumplattformkonzepton\/wp-json\/wp\/v2\/comments?post=43"}],"version-history":[{"count":5,"href":"https:\/\/www.hochschulwettbewerb.net\/2018\/sozialesunternehmertumplattformkonzepton\/wp-json\/wp\/v2\/posts\/43\/revisions"}],"predecessor-version":[{"id":50,"href":"https:\/\/www.hochschulwettbewerb.net\/2018\/sozialesunternehmertumplattformkonzepton\/wp-json\/wp\/v2\/posts\/43\/revisions\/50"}],"wp:featuredmedia":[{"embeddable":true,"href":"https:\/\/www.hochschulwettbewerb.net\/2018\/sozialesunternehmertumplattformkonzepton\/wp-json\/wp\/v2\/media\/46"}],"wp:attachment":[{"href":"https:\/\/www.hochschulwettbewerb.net\/2018\/sozialesunternehmertumplattformkonzepton\/wp-json\/wp\/v2\/media?parent=43"}],"wp:term":[{"taxonomy":"post_tag","embeddable":true,"href":"https:\/\/www.hochschulwettbewerb.net\/2018\/sozialesunternehmertumplattformkonzepton\/wp-json\/wp\/v2\/tags?post=43"}],"curies":[{"name":"wp","href":"https:\/\/api.w.org\/{rel}","templated":true}]}}