{"id":84,"date":"2018-10-28T17:59:58","date_gmt":"2018-10-28T16:59:58","guid":{"rendered":"https:\/\/www.hochschulwettbewerb.net\/2018\/sozialesunternehmertumplattformkonzepton\/?p=84"},"modified":"2018-10-28T18:02:11","modified_gmt":"2018-10-28T17:02:11","slug":"projektgruppe-1-abschlussabend-musik-und-lebensgefuehl-in-der-ddr","status":"publish","type":"post","link":"https:\/\/www.hochschulwettbewerb.net\/2018\/sozialesunternehmertumplattformkonzepton\/2018\/10\/28\/projektgruppe-1-abschlussabend-musik-und-lebensgefuehl-in-der-ddr\/","title":{"rendered":"Projektgruppe 1 &#8211; Abschlussabend Musik und Lebensgef\u00fchl in der DDR"},"content":{"rendered":"<p>Am Donnerstag feierten wir den Abschluss der ersten Ladenwoche. Thema des Abends war Musik und Lebensgef\u00fchl in der DDR. Passend dazu hatte die Projektgruppe die beiden Musiker Udo und Chriki von Thor und Nessaja zu einem Akustikkonzert geladen.<br \/>\nDiese spielen gemeinsam in <a href=\"https:\/\/www.facebook.com\/nessaja.musik\/\">zwei Bands<\/a>, Thor ist eine Cover-Rock-Band und Nessaja spielt Lieder von Peter Maffay. Udo singt und spielt Akustikgitarre, Chriki bet\u00e4tigt sich im virtuosen Gitarrenspiel und ist ebenfalls S\u00e4nger. Beide haben jedoch auch noch einen, wie sie sagen, \u201erichtigen\u201c Beruf.<\/p>\n<p>Gemeinsam erlebten wir einen famili\u00e4res Privatkonzert, in dem die Musiker eigene Titeln und gecoverte und interpretierte St\u00fccke vorstellten, begleitet von pers\u00f6nlichen Anekdoten und Erfahrungen. Dabei war besonders Udo f\u00fcr die Erz\u00e4hlungen aus DDR &#8211; Zeiten berufen, denn er ist Zeitzeuge und spielte fr\u00fcher in der aufstrebenden DDR- Band Pathos.<\/p>\n<p>Nach der Wende waren schwierige Zeiten f\u00fcr DDR Bands, da alles aus der DDR \u201eschei\u00dfe\u201c war. Doch Udo machte weiter, und kam sp\u00e4ter in die Band Thor, in der er dann Chriki kennenlernte.<\/p>\n<p>Es etablierte sich, dass die Band Thor am Ende eines jeden Konzerts zwei Lieder von Peter Maffay spielte. Dies war vor allem von Udo initiiert. Er hat eine besondere Beziehung zu diesem Musiker, denn schon seine Oma, eine ehemalige \u00a0Operns\u00e4ngerin, war Fan von Peter Maffay und hatte mehrere Bilder von ihm in der Wohnung h\u00e4ngen. Die Band beschloss ein zweites Projekt zu starten, in dem sie in gleicher Besetzung und zun\u00e4chst ohne Namen, inkognito, ohne Bezug zu Thor auftraten. Als Vorsichtsma\u00dfnahme, falls diese Musik nicht angenommen w\u00fcrde. Doch es kam sowohl bei Rockern und Bikern als auch bei Rowdies und Jugendlichen gut an. Bei einem dieser Konzerte sprach eine \u00e4ltere Dame die Band an und schlug sp\u00e4ter den Namen Nessaja vor.<\/p>\n<p>Das Konzert begannen Udo und Chriki mit Halleluja, einem Lied von Peter Maffay. Das Einstudieren der Maffaylieder bedeutete f\u00fcr die erfahrenen Musiker nach langer Zeit wieder Hinsetzen und \u00dcben. Halleluja war dabei der erster Song, mit dem sie damals ihrem Publikum dieses neue Gesicht pr\u00e4sentiert hatten. Es folgten unter anderem eigene Lieder. Zum Beispiel eins, das die \u00a0Streitigkeiten in der Welt thematisiert und den Namen \u201eWie viele Jahre\u201c tr\u00e4gt. Oder \u201eDer Vagabund\u201c, urspr\u00fcnglich von Pathos, in dem es um die Sehnsucht in die Ferne und nach Freiheit geht, die viele Menschen in der DDR versp\u00fcrt hatten. Dieser Titel war in k\u00fcrzester Zeit entstanden und dennoch wurde der von den Fans damals am meisten gemocht. So wurde er in Dresden einmal von dem Chor \u201eTen Sing\u201c vierstimmig aufgef\u00fchrt. Pathos hatte sogar einmal ein recht erfolgreiches Lied gehabt, welches auch im Radio lief, doch das bekamen die Mitglieder erst mit, als die GEMA Geld \u00fcberwiesen hatte. Auch dieses Lied lernten wir kennen, Seelentherapie.<\/p>\n<p>Mehr Infos zur Band Nessaja und H\u00f6rbeispiele einiger Lieder <a href=\"https:\/\/www.facebook.com\/nessaja.musik\/\">HIER.<\/a><\/p>\n","protected":false},"excerpt":{"rendered":"<p>Am Donnerstag feierten wir den Abschluss der ersten Ladenwoche. Thema des Abends war Musik und Lebensgef\u00fchl in<span class=\"ellipsis\">&hellip;<\/span><\/p>\n","protected":false},"author":19,"featured_media":87,"comment_status":"closed","ping_status":"open","sticky":false,"template":"","format":"standard","meta":{"_acf_changed":false,"footnotes":""},"tags":[],"class_list":["post-84","post","type-post","status-publish","format-standard","has-post-thumbnail","hentry"],"acf":[],"aioseo_notices":[],"_links":{"self":[{"href":"https:\/\/www.hochschulwettbewerb.net\/2018\/sozialesunternehmertumplattformkonzepton\/wp-json\/wp\/v2\/posts\/84","targetHints":{"allow":["GET"]}}],"collection":[{"href":"https:\/\/www.hochschulwettbewerb.net\/2018\/sozialesunternehmertumplattformkonzepton\/wp-json\/wp\/v2\/posts"}],"about":[{"href":"https:\/\/www.hochschulwettbewerb.net\/2018\/sozialesunternehmertumplattformkonzepton\/wp-json\/wp\/v2\/types\/post"}],"author":[{"embeddable":true,"href":"https:\/\/www.hochschulwettbewerb.net\/2018\/sozialesunternehmertumplattformkonzepton\/wp-json\/wp\/v2\/users\/19"}],"replies":[{"embeddable":true,"href":"https:\/\/www.hochschulwettbewerb.net\/2018\/sozialesunternehmertumplattformkonzepton\/wp-json\/wp\/v2\/comments?post=84"}],"version-history":[{"count":1,"href":"https:\/\/www.hochschulwettbewerb.net\/2018\/sozialesunternehmertumplattformkonzepton\/wp-json\/wp\/v2\/posts\/84\/revisions"}],"predecessor-version":[{"id":86,"href":"https:\/\/www.hochschulwettbewerb.net\/2018\/sozialesunternehmertumplattformkonzepton\/wp-json\/wp\/v2\/posts\/84\/revisions\/86"}],"wp:featuredmedia":[{"embeddable":true,"href":"https:\/\/www.hochschulwettbewerb.net\/2018\/sozialesunternehmertumplattformkonzepton\/wp-json\/wp\/v2\/media\/87"}],"wp:attachment":[{"href":"https:\/\/www.hochschulwettbewerb.net\/2018\/sozialesunternehmertumplattformkonzepton\/wp-json\/wp\/v2\/media?parent=84"}],"wp:term":[{"taxonomy":"post_tag","embeddable":true,"href":"https:\/\/www.hochschulwettbewerb.net\/2018\/sozialesunternehmertumplattformkonzepton\/wp-json\/wp\/v2\/tags?post=84"}],"curies":[{"name":"wp","href":"https:\/\/api.w.org\/{rel}","templated":true}]}}