{"id":93,"date":"2018-11-06T20:22:22","date_gmt":"2018-11-06T19:22:22","guid":{"rendered":"https:\/\/www.hochschulwettbewerb.net\/2018\/sozialesunternehmertumplattformkonzepton\/?p=93"},"modified":"2018-11-06T20:22:22","modified_gmt":"2018-11-06T19:22:22","slug":"projektgruppe-2-kindertag","status":"publish","type":"post","link":"https:\/\/www.hochschulwettbewerb.net\/2018\/sozialesunternehmertumplattformkonzepton\/2018\/11\/06\/projektgruppe-2-kindertag\/","title":{"rendered":"Projektgruppe 2 &#8211; Kindertag"},"content":{"rendered":"<p>Heute war der erste Tag des zweiten Teams und dieser stand ganz im Zeichen von Kindern. Das Team hatte dazu eine Kindergartengruppe eingeladen und malte, spielte und experimentierte mit den Besuchenden.\u00a0Als besonderer Anziehungspunkt stellte sich au\u00dferdem ein vor dem Laden postierter Tischkicker heraus, der viele Passierende zum mitmachen animierte. Als Wochenaktion f\u00fcr alle Teilnehmenden liegt ein Holzpuzzle bereit. Die einzelnen Teile k\u00f6nnen bemalt und mit W\u00fcnschen f\u00fcr Mittweida beschrieben werden (siehe Bild oben). Nach Beendigung ist die \u00dcbergabe an den Oberb\u00fcrgermeister Mittweidas, Ralf Schreiber, geplant.<\/p>\n<p>Die Freie Presse berichtete auch \u00fcber unsere zweite Ladenwoche. <a href=\"https:\/\/www.freiepresse.de\/mittelsachsen\/mittweida\/begegnungen-bei-yoga-kinderschminken-und-trommeln-artikel10355933?fbclid=IwAR1LKzMpQwKtdF8O-7BpT6ykak01FdOLVq8-6twUZNbUwAc1Yvebz-CkkV8\">HIER<\/a> kommt ihr zum Artikel!<\/p>\n<p><a href=\"https:\/\/www.startnext.com\/einladen-generationenbegegnung\">HIER<\/a> ist der Konzept!On Artikel des Teams einLADEN.<\/p>\n","protected":false},"excerpt":{"rendered":"<p>Heute war der erste Tag des zweiten Teams und dieser stand ganz im Zeichen von Kindern. Das<span class=\"ellipsis\">&hellip;<\/span><\/p>\n","protected":false},"author":19,"featured_media":94,"comment_status":"closed","ping_status":"open","sticky":false,"template":"","format":"standard","meta":{"_acf_changed":false,"footnotes":""},"tags":[],"class_list":["post-93","post","type-post","status-publish","format-standard","has-post-thumbnail","hentry"],"acf":[],"aioseo_notices":[],"_links":{"self":[{"href":"https:\/\/www.hochschulwettbewerb.net\/2018\/sozialesunternehmertumplattformkonzepton\/wp-json\/wp\/v2\/posts\/93","targetHints":{"allow":["GET"]}}],"collection":[{"href":"https:\/\/www.hochschulwettbewerb.net\/2018\/sozialesunternehmertumplattformkonzepton\/wp-json\/wp\/v2\/posts"}],"about":[{"href":"https:\/\/www.hochschulwettbewerb.net\/2018\/sozialesunternehmertumplattformkonzepton\/wp-json\/wp\/v2\/types\/post"}],"author":[{"embeddable":true,"href":"https:\/\/www.hochschulwettbewerb.net\/2018\/sozialesunternehmertumplattformkonzepton\/wp-json\/wp\/v2\/users\/19"}],"replies":[{"embeddable":true,"href":"https:\/\/www.hochschulwettbewerb.net\/2018\/sozialesunternehmertumplattformkonzepton\/wp-json\/wp\/v2\/comments?post=93"}],"version-history":[{"count":3,"href":"https:\/\/www.hochschulwettbewerb.net\/2018\/sozialesunternehmertumplattformkonzepton\/wp-json\/wp\/v2\/posts\/93\/revisions"}],"predecessor-version":[{"id":97,"href":"https:\/\/www.hochschulwettbewerb.net\/2018\/sozialesunternehmertumplattformkonzepton\/wp-json\/wp\/v2\/posts\/93\/revisions\/97"}],"wp:featuredmedia":[{"embeddable":true,"href":"https:\/\/www.hochschulwettbewerb.net\/2018\/sozialesunternehmertumplattformkonzepton\/wp-json\/wp\/v2\/media\/94"}],"wp:attachment":[{"href":"https:\/\/www.hochschulwettbewerb.net\/2018\/sozialesunternehmertumplattformkonzepton\/wp-json\/wp\/v2\/media?parent=93"}],"wp:term":[{"taxonomy":"post_tag","embeddable":true,"href":"https:\/\/www.hochschulwettbewerb.net\/2018\/sozialesunternehmertumplattformkonzepton\/wp-json\/wp\/v2\/tags?post=93"}],"curies":[{"name":"wp","href":"https:\/\/api.w.org\/{rel}","templated":true}]}}