{"id":99,"date":"2021-07-29T15:04:56","date_gmt":"2021-07-29T13:04:56","guid":{"rendered":"https:\/\/www.hochschulwettbewerb.net\/2020\/berlin\/?p=99"},"modified":"2021-07-29T15:11:27","modified_gmt":"2021-07-29T13:11:27","slug":"99","status":"publish","type":"post","link":"https:\/\/www.hochschulwettbewerb.net\/2020\/berlin\/2021\/07\/29\/99\/","title":{"rendered":"Spree&amp;Berlin im Salon F\u00e4hig"},"content":{"rendered":"<p>Das Spree&amp;Berlin Projekt zu Gast bei Ines Theileis im Salon F\u00e4hig!<\/p>\n<p>Entweder kommt ihr pers\u00f6nlich vorbei und genie\u00dft den Sommerabend mit tollen Flussliedern von Ines Theileis &amp; Milorad Carkic oder wir sehen uns im <b>Stream<\/b>: \u00a0<a href=\"https:\/\/deref-gmx.net\/mail\/client\/Q065XhdBaVE\/dereferrer\/?redirectUrl=https%3A%2F%2Fwww.instagram.com%2Fwissenschaftimdialog%2F\">https:\/\/www.instagram.com\/wissenschaftimdialog\/<\/a><\/p>\n<p><strong>Wann: 29.7. um 20 Uhr im Nirgendwo Berlin (Helsingforser Str. 11-13)<\/strong><\/p>\n<p><strong>Eintritt frei<\/strong><\/p>\n<p>Die Veranstaltung wird im Rahmen des Wissenschaftsjahres \u201eBio\u00f6konomie\u201c \u00fcber den Projekttr\u00e4ger &#8220;Wissenschaft im Dialog&#8221; unterst\u00fctzt. Danke daf\u00fcr!<\/p>\n<p>Aufgrund der anhaltenden Pandemiesituation werden wir wieder drau\u00dfen auf dem Container spielen. Es gibt leider nur eine begrenzte Anzahl an Sitzpl\u00e4tzen, <strong>deswegen bitten wir dieses Mal um eine<\/strong><b> kurze Anmeldungsmail an <\/b><a href=\"mailto:info@xn--ensemblesalonfhig-3qb.de\"><b>info@ensemblesalonf\u00e4hig.de<\/b><\/a>.<\/p>\n<p>Wir freuen uns auf euch!<\/p>\n","protected":false},"excerpt":{"rendered":"<p>Das Spree&amp;Berlin Projekt zu Gast bei Ines Theileis im Salon F\u00e4hig! Entweder kommt ihr pers\u00f6nlich vorbei und genie\u00dft den Sommerabend mit tollen Flussliedern von Ines Theileis &amp; Milorad Carkic oder<span class=\"ellipsis\">&hellip;<\/span><\/p>\n","protected":false},"author":70,"featured_media":103,"comment_status":"closed","ping_status":"closed","sticky":false,"template":"","format":"standard","meta":{"_acf_changed":false,"footnotes":""},"tags":[],"class_list":["post-99","post","type-post","status-publish","format-standard","has-post-thumbnail","hentry"],"acf":[],"aioseo_notices":[],"aioseo_head":"\n\t\t<!-- All in One SEO 5.0.1.1 - aioseo.com -->\n\t<meta name=\"description\" content=\"Das Spree&amp;Berlin Projekt zu Gast bei Ines Theileis im Salon F\u00e4hig! Entweder kommt ihr pers\u00f6nlich vorbei und genie\u00dft den Sommerabend mit tollen Flussliedern von Ines Theileis &amp; Milorad Carkic oder wir sehen uns im Stream: https:\/\/www.instagram.com\/wissenschaftimdialog\/ Wann: 29.7. um 20 Uhr im Nirgendwo Berlin (Helsingforser Str. 11-13) Eintritt frei Die Veranstaltung wird im Rahmen des\" \/>\n\t<meta name=\"robots\" content=\"max-image-preview:large\" \/>\n\t<meta name=\"author\" content=\"jakobkukula\"\/>\n\t<link rel=\"canonical\" href=\"https:\/\/www.hochschulwettbewerb.net\/2020\/berlin\/2021\/07\/29\/99\/\" \/>\n\t<meta name=\"generator\" content=\"All in One SEO (AIOSEO) 5.0.1.1\" \/>\n\t\t<meta property=\"og:locale\" content=\"de_DE\" \/>\n\t\t<meta property=\"og:site_name\" content=\"Spree &amp; Berlin | Eine weitere Hochschulwettbewerb Website\" \/>\n\t\t<meta property=\"og:type\" content=\"article\" \/>\n\t\t<meta property=\"og:title\" content=\"Spree&amp;Berlin im Salon F\u00e4hig | Spree &amp; Berlin\" \/>\n\t\t<meta property=\"og:description\" content=\"Das Spree&amp;Berlin Projekt zu Gast bei Ines Theileis im Salon F\u00e4hig! Entweder kommt ihr pers\u00f6nlich vorbei und genie\u00dft den Sommerabend mit tollen Flussliedern von Ines Theileis &amp; Milorad Carkic oder wir sehen uns im Stream: https:\/\/www.instagram.com\/wissenschaftimdialog\/ Wann: 29.7. um 20 Uhr im Nirgendwo Berlin (Helsingforser Str. 11-13) Eintritt frei Die Veranstaltung wird im Rahmen des\" \/>\n\t\t<meta property=\"og:url\" content=\"https:\/\/www.hochschulwettbewerb.net\/2020\/berlin\/2021\/07\/29\/99\/\" \/>\n\t\t<meta property=\"article:published_time\" content=\"2021-07-29T13:04:56+00:00\" \/>\n\t\t<meta property=\"article:modified_time\" content=\"2021-07-29T13:11:27+00:00\" \/>\n\t\t<meta name=\"twitter:card\" content=\"summary\" \/>\n\t\t<meta name=\"twitter:title\" content=\"Spree&amp;Berlin im Salon F\u00e4hig | Spree &amp; Berlin\" \/>\n\t\t<meta name=\"twitter:description\" content=\"Das Spree&amp;Berlin Projekt zu Gast bei Ines Theileis im Salon F\u00e4hig! Entweder kommt ihr pers\u00f6nlich vorbei und genie\u00dft den Sommerabend mit tollen Flussliedern von Ines Theileis &amp; Milorad Carkic oder wir sehen uns im Stream: https:\/\/www.instagram.com\/wissenschaftimdialog\/ Wann: 29.7. um 20 Uhr im Nirgendwo Berlin (Helsingforser Str. 11-13) Eintritt frei Die Veranstaltung wird im Rahmen des\" \/>\n\t\t<script type=\"application\/ld+json\" class=\"aioseo-schema\">\n\t\t\t{\"@context\":\"https:\\\/\\\/schema.org\",\"@graph\":[{\"@type\":\"Article\",\"@id\":\"https:\\\/\\\/www.hochschulwettbewerb.net\\\/2020\\\/berlin\\\/2021\\\/07\\\/29\\\/99\\\/#article\",\"name\":\"Spree&Berlin im Salon F\\u00e4hig | Spree & Berlin\",\"headline\":\"Spree&amp;Berlin im Salon F\\u00e4hig\",\"author\":{\"@id\":\"https:\\\/\\\/www.hochschulwettbewerb.net\\\/2020\\\/berlin\\\/author\\\/jakobkukula\\\/#author\"},\"publisher\":{\"@id\":\"https:\\\/\\\/www.hochschulwettbewerb.net\\\/2020\\\/berlin\\\/#organization\"},\"image\":{\"@type\":\"ImageObject\",\"url\":\"https:\\\/\\\/www.hochschulwettbewerb.net\\\/2020\\\/berlin\\\/wp-content\\\/uploads\\\/sites\\\/65\\\/2021\\\/07\\\/SpreeBerlinSalonFa\\u0308hig-1.jpg\",\"width\":2250,\"height\":2250},\"datePublished\":\"2021-07-29T15:04:56+02:00\",\"dateModified\":\"2021-07-29T15:11:27+02:00\",\"inLanguage\":\"de-DE\",\"mainEntityOfPage\":{\"@id\":\"https:\\\/\\\/www.hochschulwettbewerb.net\\\/2020\\\/berlin\\\/2021\\\/07\\\/29\\\/99\\\/#webpage\"},\"isPartOf\":{\"@id\":\"https:\\\/\\\/www.hochschulwettbewerb.net\\\/2020\\\/berlin\\\/2021\\\/07\\\/29\\\/99\\\/#webpage\"}},{\"@type\":\"BreadcrumbList\",\"@id\":\"https:\\\/\\\/www.hochschulwettbewerb.net\\\/2020\\\/berlin\\\/2021\\\/07\\\/29\\\/99\\\/#breadcrumblist\",\"itemListElement\":[{\"@type\":\"ListItem\",\"@id\":\"https:\\\/\\\/www.hochschulwettbewerb.net\\\/2020\\\/berlin#listItem\",\"position\":1,\"name\":\"Home\",\"item\":\"https:\\\/\\\/www.hochschulwettbewerb.net\\\/2020\\\/berlin\",\"nextItem\":{\"@type\":\"ListItem\",\"@id\":\"https:\\\/\\\/www.hochschulwettbewerb.net\\\/2020\\\/berlin\\\/2021\\\/07\\\/29\\\/99\\\/#listItem\",\"name\":\"Spree&amp;Berlin im Salon F\\u00e4hig\"}},{\"@type\":\"ListItem\",\"@id\":\"https:\\\/\\\/www.hochschulwettbewerb.net\\\/2020\\\/berlin\\\/2021\\\/07\\\/29\\\/99\\\/#listItem\",\"position\":2,\"name\":\"Spree&amp;Berlin im Salon F\\u00e4hig\",\"previousItem\":{\"@type\":\"ListItem\",\"@id\":\"https:\\\/\\\/www.hochschulwettbewerb.net\\\/2020\\\/berlin#listItem\",\"name\":\"Home\"}}]},{\"@type\":\"Organization\",\"@id\":\"https:\\\/\\\/www.hochschulwettbewerb.net\\\/2020\\\/berlin\\\/#organization\",\"name\":\"Spree & Berlin\",\"description\":\"Eine weitere Hochschulwettbewerb Website\",\"url\":\"https:\\\/\\\/www.hochschulwettbewerb.net\\\/2020\\\/berlin\\\/\"},{\"@type\":\"Person\",\"@id\":\"https:\\\/\\\/www.hochschulwettbewerb.net\\\/2020\\\/berlin\\\/author\\\/jakobkukula\\\/#author\",\"url\":\"https:\\\/\\\/www.hochschulwettbewerb.net\\\/2020\\\/berlin\\\/author\\\/jakobkukula\\\/\",\"name\":\"jakobkukula\"},{\"@type\":\"WebPage\",\"@id\":\"https:\\\/\\\/www.hochschulwettbewerb.net\\\/2020\\\/berlin\\\/2021\\\/07\\\/29\\\/99\\\/#webpage\",\"url\":\"https:\\\/\\\/www.hochschulwettbewerb.net\\\/2020\\\/berlin\\\/2021\\\/07\\\/29\\\/99\\\/\",\"name\":\"Spree&Berlin im Salon F\\u00e4hig | Spree & Berlin\",\"description\":\"Das Spree&Berlin Projekt zu Gast bei Ines Theileis im Salon F\\u00e4hig! Entweder kommt ihr pers\\u00f6nlich vorbei und genie\\u00dft den Sommerabend mit tollen Flussliedern von Ines Theileis & Milorad Carkic oder wir sehen uns im Stream: https:\\\/\\\/www.instagram.com\\\/wissenschaftimdialog\\\/ Wann: 29.7. um 20 Uhr im Nirgendwo Berlin (Helsingforser Str. 11-13) Eintritt frei Die Veranstaltung wird im Rahmen des\",\"inLanguage\":\"de-DE\",\"isPartOf\":{\"@id\":\"https:\\\/\\\/www.hochschulwettbewerb.net\\\/2020\\\/berlin\\\/#website\"},\"breadcrumb\":{\"@id\":\"https:\\\/\\\/www.hochschulwettbewerb.net\\\/2020\\\/berlin\\\/2021\\\/07\\\/29\\\/99\\\/#breadcrumblist\"},\"author\":{\"@id\":\"https:\\\/\\\/www.hochschulwettbewerb.net\\\/2020\\\/berlin\\\/author\\\/jakobkukula\\\/#author\"},\"creator\":{\"@id\":\"https:\\\/\\\/www.hochschulwettbewerb.net\\\/2020\\\/berlin\\\/author\\\/jakobkukula\\\/#author\"},\"image\":{\"@type\":\"ImageObject\",\"url\":\"https:\\\/\\\/www.hochschulwettbewerb.net\\\/2020\\\/berlin\\\/wp-content\\\/uploads\\\/sites\\\/65\\\/2021\\\/07\\\/SpreeBerlinSalonFa\\u0308hig-1.jpg\",\"@id\":\"https:\\\/\\\/www.hochschulwettbewerb.net\\\/2020\\\/berlin\\\/2021\\\/07\\\/29\\\/99\\\/#mainImage\",\"width\":2250,\"height\":2250},\"primaryImageOfPage\":{\"@id\":\"https:\\\/\\\/www.hochschulwettbewerb.net\\\/2020\\\/berlin\\\/2021\\\/07\\\/29\\\/99\\\/#mainImage\"},\"datePublished\":\"2021-07-29T15:04:56+02:00\",\"dateModified\":\"2021-07-29T15:11:27+02:00\"},{\"@type\":\"WebSite\",\"@id\":\"https:\\\/\\\/www.hochschulwettbewerb.net\\\/2020\\\/berlin\\\/#website\",\"url\":\"https:\\\/\\\/www.hochschulwettbewerb.net\\\/2020\\\/berlin\\\/\",\"name\":\"Spree & Berlin\",\"description\":\"Eine weitere Hochschulwettbewerb Website\",\"inLanguage\":\"de-DE\",\"publisher\":{\"@id\":\"https:\\\/\\\/www.hochschulwettbewerb.net\\\/2020\\\/berlin\\\/#organization\"}}]}\n\t\t<\/script>\n\t\t<!-- All in One SEO -->\n\n","aioseo_head_json":{"title":"Spree&Berlin im Salon F\u00e4hig | Spree & Berlin","description":"Das Spree&Berlin Projekt zu Gast bei Ines Theileis im Salon F\u00e4hig! Entweder kommt ihr pers\u00f6nlich vorbei und genie\u00dft den Sommerabend mit tollen Flussliedern von Ines Theileis & Milorad Carkic oder wir sehen uns im Stream: https:\/\/www.instagram.com\/wissenschaftimdialog\/ Wann: 29.7. um 20 Uhr im Nirgendwo Berlin (Helsingforser Str. 11-13) Eintritt frei Die Veranstaltung wird im Rahmen des","canonical_url":"https:\/\/www.hochschulwettbewerb.net\/2020\/berlin\/2021\/07\/29\/99\/","robots":"max-image-preview:large","keywords":"","webmasterTools":{"miscellaneous":""},"schema":{"@context":"https:\/\/schema.org","@graph":[{"@type":"Article","@id":"https:\/\/www.hochschulwettbewerb.net\/2020\/berlin\/2021\/07\/29\/99\/#article","name":"Spree&Berlin im Salon F\u00e4hig | Spree & Berlin","headline":"Spree&amp;Berlin im Salon F\u00e4hig","author":{"@id":"https:\/\/www.hochschulwettbewerb.net\/2020\/berlin\/author\/jakobkukula\/#author"},"publisher":{"@id":"https:\/\/www.hochschulwettbewerb.net\/2020\/berlin\/#organization"},"image":{"@type":"ImageObject","url":"https:\/\/www.hochschulwettbewerb.net\/2020\/berlin\/wp-content\/uploads\/sites\/65\/2021\/07\/SpreeBerlinSalonFa\u0308hig-1.jpg","width":2250,"height":2250},"datePublished":"2021-07-29T15:04:56+02:00","dateModified":"2021-07-29T15:11:27+02:00","inLanguage":"de-DE","mainEntityOfPage":{"@id":"https:\/\/www.hochschulwettbewerb.net\/2020\/berlin\/2021\/07\/29\/99\/#webpage"},"isPartOf":{"@id":"https:\/\/www.hochschulwettbewerb.net\/2020\/berlin\/2021\/07\/29\/99\/#webpage"}},{"@type":"BreadcrumbList","@id":"https:\/\/www.hochschulwettbewerb.net\/2020\/berlin\/2021\/07\/29\/99\/#breadcrumblist","itemListElement":[{"@type":"ListItem","@id":"https:\/\/www.hochschulwettbewerb.net\/2020\/berlin#listItem","position":1,"name":"Home","item":"https:\/\/www.hochschulwettbewerb.net\/2020\/berlin","nextItem":{"@type":"ListItem","@id":"https:\/\/www.hochschulwettbewerb.net\/2020\/berlin\/2021\/07\/29\/99\/#listItem","name":"Spree&amp;Berlin im Salon F\u00e4hig"}},{"@type":"ListItem","@id":"https:\/\/www.hochschulwettbewerb.net\/2020\/berlin\/2021\/07\/29\/99\/#listItem","position":2,"name":"Spree&amp;Berlin im Salon F\u00e4hig","previousItem":{"@type":"ListItem","@id":"https:\/\/www.hochschulwettbewerb.net\/2020\/berlin#listItem","name":"Home"}}]},{"@type":"Organization","@id":"https:\/\/www.hochschulwettbewerb.net\/2020\/berlin\/#organization","name":"Spree & Berlin","description":"Eine weitere Hochschulwettbewerb Website","url":"https:\/\/www.hochschulwettbewerb.net\/2020\/berlin\/"},{"@type":"Person","@id":"https:\/\/www.hochschulwettbewerb.net\/2020\/berlin\/author\/jakobkukula\/#author","url":"https:\/\/www.hochschulwettbewerb.net\/2020\/berlin\/author\/jakobkukula\/","name":"jakobkukula"},{"@type":"WebPage","@id":"https:\/\/www.hochschulwettbewerb.net\/2020\/berlin\/2021\/07\/29\/99\/#webpage","url":"https:\/\/www.hochschulwettbewerb.net\/2020\/berlin\/2021\/07\/29\/99\/","name":"Spree&Berlin im Salon F\u00e4hig | Spree & Berlin","description":"Das Spree&Berlin Projekt zu Gast bei Ines Theileis im Salon F\u00e4hig! Entweder kommt ihr pers\u00f6nlich vorbei und genie\u00dft den Sommerabend mit tollen Flussliedern von Ines Theileis & Milorad Carkic oder wir sehen uns im Stream: https:\/\/www.instagram.com\/wissenschaftimdialog\/ Wann: 29.7. um 20 Uhr im Nirgendwo Berlin (Helsingforser Str. 11-13) Eintritt frei Die Veranstaltung wird im Rahmen des","inLanguage":"de-DE","isPartOf":{"@id":"https:\/\/www.hochschulwettbewerb.net\/2020\/berlin\/#website"},"breadcrumb":{"@id":"https:\/\/www.hochschulwettbewerb.net\/2020\/berlin\/2021\/07\/29\/99\/#breadcrumblist"},"author":{"@id":"https:\/\/www.hochschulwettbewerb.net\/2020\/berlin\/author\/jakobkukula\/#author"},"creator":{"@id":"https:\/\/www.hochschulwettbewerb.net\/2020\/berlin\/author\/jakobkukula\/#author"},"image":{"@type":"ImageObject","url":"https:\/\/www.hochschulwettbewerb.net\/2020\/berlin\/wp-content\/uploads\/sites\/65\/2021\/07\/SpreeBerlinSalonFa\u0308hig-1.jpg","@id":"https:\/\/www.hochschulwettbewerb.net\/2020\/berlin\/2021\/07\/29\/99\/#mainImage","width":2250,"height":2250},"primaryImageOfPage":{"@id":"https:\/\/www.hochschulwettbewerb.net\/2020\/berlin\/2021\/07\/29\/99\/#mainImage"},"datePublished":"2021-07-29T15:04:56+02:00","dateModified":"2021-07-29T15:11:27+02:00"},{"@type":"WebSite","@id":"https:\/\/www.hochschulwettbewerb.net\/2020\/berlin\/#website","url":"https:\/\/www.hochschulwettbewerb.net\/2020\/berlin\/","name":"Spree & Berlin","description":"Eine weitere Hochschulwettbewerb Website","inLanguage":"de-DE","publisher":{"@id":"https:\/\/www.hochschulwettbewerb.net\/2020\/berlin\/#organization"}}]},"og:locale":"de_DE","og:site_name":"Spree &amp; Berlin | Eine weitere Hochschulwettbewerb Website","og:type":"article","og:title":"Spree&amp;Berlin im Salon F\u00e4hig | Spree &amp; Berlin","og:description":"Das Spree&amp;Berlin Projekt zu Gast bei Ines Theileis im Salon F\u00e4hig! Entweder kommt ihr pers\u00f6nlich vorbei und genie\u00dft den Sommerabend mit tollen Flussliedern von Ines Theileis &amp; Milorad Carkic oder wir sehen uns im Stream: https:\/\/www.instagram.com\/wissenschaftimdialog\/ Wann: 29.7. um 20 Uhr im Nirgendwo Berlin (Helsingforser Str. 11-13) Eintritt frei Die Veranstaltung wird im Rahmen des","og:url":"https:\/\/www.hochschulwettbewerb.net\/2020\/berlin\/2021\/07\/29\/99\/","article:published_time":"2021-07-29T13:04:56+00:00","article:modified_time":"2021-07-29T13:11:27+00:00","twitter:card":"summary","twitter:title":"Spree&amp;Berlin im Salon F\u00e4hig | Spree &amp; Berlin","twitter:description":"Das Spree&amp;Berlin Projekt zu Gast bei Ines Theileis im Salon F\u00e4hig! Entweder kommt ihr pers\u00f6nlich vorbei und genie\u00dft den Sommerabend mit tollen Flussliedern von Ines Theileis &amp; Milorad Carkic oder wir sehen uns im Stream: https:\/\/www.instagram.com\/wissenschaftimdialog\/ Wann: 29.7. um 20 Uhr im Nirgendwo Berlin (Helsingforser Str. 11-13) Eintritt frei Die Veranstaltung wird im Rahmen des"},"aioseo_meta_data":{"post_id":"99","title":null,"description":"","keywords":"","keyphrases":null,"primary_term":null,"canonical_url":"","og_title":null,"og_description":null,"og_object_type":"default","og_image_type":"default","og_image_url":null,"og_image_width":null,"og_image_height":null,"og_image_custom_url":null,"og_image_custom_fields":null,"og_video":null,"og_custom_url":null,"og_article_section":null,"og_article_tags":null,"twitter_use_og":false,"twitter_card":"default","twitter_image_type":"default","twitter_image_url":null,"twitter_image_custom_url":null,"twitter_image_custom_fields":null,"twitter_title":null,"twitter_description":null,"schema":{"blockGraphs":[],"customGraphs":[],"default":{"data":{"Article":[],"Course":[],"Dataset":[],"FAQPage":[],"Movie":[],"Person":[],"Product":[],"ProductReview":[],"Car":[],"Recipe":[],"Service":[],"SoftwareApplication":[],"WebPage":[]},"graphName":"","isEnabled":true},"graphs":[],"defaultGraph":"","defaultPostTypeGraph":""},"schema_type":null,"schema_type_options":null,"pillar_content":false,"robots_default":true,"robots_noindex":false,"robots_noarchive":false,"robots_nosnippet":false,"robots_nofollow":false,"robots_noimageindex":false,"robots_noodp":false,"robots_notranslate":false,"robots_max_snippet":null,"robots_max_videopreview":null,"robots_max_imagepreview":"large","priority":null,"frequency":null,"local_seo":null,"breadcrumb_settings":null,"limit_modified_date":false,"ai":null,"created":"2021-08-31 13:27:33","updated":"2025-06-04 02:29:15","seo_analyzer_scan_date":null,"focus_keyword":null,"additional_keywords":null,"truseo_locale":null},"aioseo_breadcrumb":"<div class=\"aioseo-breadcrumbs\"><span class=\"aioseo-breadcrumb\">\n\t\t\t<a href=\"https:\/\/www.hochschulwettbewerb.net\/2020\/berlin\" title=\"Home\">Home<\/a>\n\t\t<\/span><span class=\"aioseo-breadcrumb-separator\">&raquo;<\/span><span class=\"aioseo-breadcrumb\">\n\t\t\tSpree&amp;Berlin im Salon F\u00e4hig\n\t\t<\/span><\/div>","aioseo_breadcrumb_json":[{"label":"Home","link":"https:\/\/www.hochschulwettbewerb.net\/2020\/berlin"},{"label":"Spree&amp;Berlin im Salon F\u00e4hig","link":"https:\/\/www.hochschulwettbewerb.net\/2020\/berlin\/2021\/07\/29\/99\/"}],"_links":{"self":[{"href":"https:\/\/www.hochschulwettbewerb.net\/2020\/berlin\/wp-json\/wp\/v2\/posts\/99","targetHints":{"allow":["GET"]}}],"collection":[{"href":"https:\/\/www.hochschulwettbewerb.net\/2020\/berlin\/wp-json\/wp\/v2\/posts"}],"about":[{"href":"https:\/\/www.hochschulwettbewerb.net\/2020\/berlin\/wp-json\/wp\/v2\/types\/post"}],"author":[{"embeddable":true,"href":"https:\/\/www.hochschulwettbewerb.net\/2020\/berlin\/wp-json\/wp\/v2\/users\/70"}],"replies":[{"embeddable":true,"href":"https:\/\/www.hochschulwettbewerb.net\/2020\/berlin\/wp-json\/wp\/v2\/comments?post=99"}],"version-history":[{"count":3,"href":"https:\/\/www.hochschulwettbewerb.net\/2020\/berlin\/wp-json\/wp\/v2\/posts\/99\/revisions"}],"predecessor-version":[{"id":104,"href":"https:\/\/www.hochschulwettbewerb.net\/2020\/berlin\/wp-json\/wp\/v2\/posts\/99\/revisions\/104"}],"wp:featuredmedia":[{"embeddable":true,"href":"https:\/\/www.hochschulwettbewerb.net\/2020\/berlin\/wp-json\/wp\/v2\/media\/103"}],"wp:attachment":[{"href":"https:\/\/www.hochschulwettbewerb.net\/2020\/berlin\/wp-json\/wp\/v2\/media?parent=99"}],"wp:term":[{"taxonomy":"post_tag","embeddable":true,"href":"https:\/\/www.hochschulwettbewerb.net\/2020\/berlin\/wp-json\/wp\/v2\/tags?post=99"}],"curies":[{"name":"wp","href":"https:\/\/api.w.org\/{rel}","templated":true}]}}