{"id":124,"date":"2022-06-15T16:10:31","date_gmt":"2022-06-15T14:10:31","guid":{"rendered":"https:\/\/www.hochschulwettbewerb.net\/2022\/hildesheim\/?p=124"},"modified":"2022-06-15T16:17:10","modified_gmt":"2022-06-15T14:17:10","slug":"workshops-kuenstlerische-tatsachen","status":"publish","type":"post","link":"https:\/\/www.hochschulwettbewerb.net\/2022\/hildesheim\/2022\/06\/15\/workshops-kuenstlerische-tatsachen\/","title":{"rendered":"K\u00fcnstlerisch mitforschen \u2013 Drei Workshops f\u00fcr Jenaer B\u00fcrger*innen"},"content":{"rendered":"<p class=\"p1\"><b>Drei Workshops laden dazu ein, im Jenaer TRAFO die Begegnung von Kunst und Wissenschaft hautnah mitzuerleben. Dabei k\u00f6nnen B\u00fcrger*innen aus Jena selbst kreativ werden und kommen dabei mit den diesj\u00e4hrigen Teilnehmer*innen bei <a href=\"http:\/\/www.kuenstlerische-tatsachen.de\/programme\/\">\u00bbK\u00fcnstlerische Tatsachen\u00ab<\/a> zusammen. Die Ergebnisse der Veranstaltungen werden am Schluss in einer gemeinsamen Ausstellung gezeigt.\u00a0<\/b><\/p>\n<p><!--more--><\/p>\n<p class=\"p1\">\u00bbMit unseren Workshops geben wir Jenaer B\u00fcrger*innen in diesem Jahr die M\u00f6glichkeit, hautnah dabei zu sein, wenn sich Kunst und Wissenschaft begegnen\u00ab, so Gabriel D\u00f6rner, der das <a href=\"http:\/\/www.kuenstlerische-tatsachen.de\/workshops\/\">Mitmachprogramm<\/a> konzipiert hat. \u00bbDas Angebot richtet sich an alle, die mit so etwas in ihrem Alltag normalerweise nichts zu tun haben und mal etwas Neues erfahren wollen. Es sind keinerlei Vorkenntnisse n\u00f6tig!\u00ab<\/p>\n<p class=\"p1\">Das Programm besteht aus drei eint\u00e4gigen Workshops, die \u00fcber den Sommer hinweg in den R\u00e4umlichkeiten des TRAFO-Magazins stattfinden. Alle Workshops drehen sich um die Schnittstelle von Kunst und Wissenschaft sowie das Rahmenthema <i>Spannung.\u00a0<\/i><\/p>\n<figure id=\"attachment_107\" aria-describedby=\"caption-attachment-107\" style=\"width: 200px\" class=\"wp-caption alignright\"><img loading=\"lazy\" decoding=\"async\" class=\"wp-image-107 size-medium\" src=\"https:\/\/www.hochschulwettbewerb.net\/2022\/hildesheim\/wp-content\/uploads\/sites\/70\/2022\/05\/220531-Vanessa-Flesch__Foto_Katharina-Schadenhofer-bear-200x300.jpg\" alt=\"\" width=\"200\" height=\"300\" srcset=\"https:\/\/www.hochschulwettbewerb.net\/2022\/hildesheim\/wp-content\/uploads\/sites\/70\/2022\/05\/220531-Vanessa-Flesch__Foto_Katharina-Schadenhofer-bear-200x300.jpg 200w, https:\/\/www.hochschulwettbewerb.net\/2022\/hildesheim\/wp-content\/uploads\/sites\/70\/2022\/05\/220531-Vanessa-Flesch__Foto_Katharina-Schadenhofer-bear-683x1024.jpg 683w, https:\/\/www.hochschulwettbewerb.net\/2022\/hildesheim\/wp-content\/uploads\/sites\/70\/2022\/05\/220531-Vanessa-Flesch__Foto_Katharina-Schadenhofer-bear-768x1152.jpg 768w, https:\/\/www.hochschulwettbewerb.net\/2022\/hildesheim\/wp-content\/uploads\/sites\/70\/2022\/05\/220531-Vanessa-Flesch__Foto_Katharina-Schadenhofer-bear-1024x1536.jpg 1024w, https:\/\/www.hochschulwettbewerb.net\/2022\/hildesheim\/wp-content\/uploads\/sites\/70\/2022\/05\/220531-Vanessa-Flesch__Foto_Katharina-Schadenhofer-bear-1365x2048.jpg 1365w, https:\/\/www.hochschulwettbewerb.net\/2022\/hildesheim\/wp-content\/uploads\/sites\/70\/2022\/05\/220531-Vanessa-Flesch__Foto_Katharina-Schadenhofer-bear-100x150.jpg 100w, https:\/\/www.hochschulwettbewerb.net\/2022\/hildesheim\/wp-content\/uploads\/sites\/70\/2022\/05\/220531-Vanessa-Flesch__Foto_Katharina-Schadenhofer-bear-150x225.jpg 150w, https:\/\/www.hochschulwettbewerb.net\/2022\/hildesheim\/wp-content\/uploads\/sites\/70\/2022\/05\/220531-Vanessa-Flesch__Foto_Katharina-Schadenhofer-bear-300x450.jpg 300w, https:\/\/www.hochschulwettbewerb.net\/2022\/hildesheim\/wp-content\/uploads\/sites\/70\/2022\/05\/220531-Vanessa-Flesch__Foto_Katharina-Schadenhofer-bear-450x675.jpg 450w, https:\/\/www.hochschulwettbewerb.net\/2022\/hildesheim\/wp-content\/uploads\/sites\/70\/2022\/05\/220531-Vanessa-Flesch__Foto_Katharina-Schadenhofer-bear-600x900.jpg 600w, https:\/\/www.hochschulwettbewerb.net\/2022\/hildesheim\/wp-content\/uploads\/sites\/70\/2022\/05\/220531-Vanessa-Flesch__Foto_Katharina-Schadenhofer-bear-900x1350.jpg 900w, https:\/\/www.hochschulwettbewerb.net\/2022\/hildesheim\/wp-content\/uploads\/sites\/70\/2022\/05\/220531-Vanessa-Flesch__Foto_Katharina-Schadenhofer-bear-scaled.jpg 1707w\" sizes=\"auto, (max-width: 200px) 100vw, 200px\" \/><figcaption id=\"caption-attachment-107\" class=\"wp-caption-text\">Die Tanzp\u00e4dagogin Vanessa Flesch leitet den ersten Workshop.<\/figcaption><\/figure>\n<p class=\"p1\">Der <strong>erste Workshop<\/strong> findet bereits am 9. Juli statt, Interessierte k\u00f6nnen sich ab sofort <a href=\"http:\/\/www.kuenstlerische-tatsachen.de\/workshops\/\">anmelden<\/a>. Die Teilnehmer*innen werden sich gemeinsam mit der Tanzp\u00e4dagogin Vanessa Flesch dem Thema <i>Spannung <\/i>auf spielerisch-k\u00f6rperliche Weise n\u00e4hern. Gemeinsam erarbeiten sie kleine performative Sequenzen, die sp\u00e4ter Teil der Ausstellung im TRAFO sein werden. Flesch arbeitet dabei mit Elementen aus Tanztheater, Performance und Physical Theatre. \u00bbDurch Improvisationen erkunden wir Spannungsfelder zwischen N\u00e4he und Distanz, Halten und Loslassen, Bewegung und Stille. Schritt f\u00fcr Schritt erarbeiten wir gemeinsam choreografische und performative Momente und erkunden dabei das TRAFO-Magazin\u00ab, hei\u00dft es in der Ank\u00fcndigung.<\/p>\n<p class=\"p1\">Im <strong>zweiten Workshop<\/strong> am 17. September wird untersucht, was eigentlich Wissenschaft und Kunst bedeuten: Wie kann man neue Erkenntnisse durch Kunst gewinnen? Dazu werden kleine Experimente mit Fotochemie und Licht durchgef\u00fchrt.<\/p>\n<p class=\"p1\">Im <strong>dritten Workshop<\/strong> am 24. September kommen die Teilnehmenden ins Gespr\u00e4ch \u00fcber den Entstehungsprozess einer Ausstellung und probieren selbst aus, worauf es ankommt, wenn Kunstwerke im Raum pr\u00e4sentiert werden sollen.<\/p>\n<p>&nbsp;<\/p>\n<h2 class=\"p1\"><span class=\"s1\">Die Workshops im \u00dcberblick<\/span><\/h2>\n<p class=\"p1\"><b>09.07.2022,<\/b> 9 bis 17 Uhr: <i>Wie K\u00f6rper Spannung erzeugen.\u00a0<\/i><\/p>\n<p class=\"p1\">Mit der Tanzp\u00e4dagogin Vanessa Flesch<\/p>\n<p class=\"p1\"><b>17.09.2022,<\/b> 9 bis 17 Uhr: <i>Wie Kunst Wissen schafft.\u00a0<\/i><\/p>\n<p class=\"p1\">Mit der Bildenden K\u00fcnstlerin Rosmarie Weinlich<\/p>\n<p class=\"p1\"><b>24.09.2022, <\/b>9 bis 17 Uhr: <i>Wie eine Ausstellung entsteht.<\/i><\/p>\n<p class=\"p1\">Mit der Kuratorin Paolina Wandruszka<\/p>\n<p>&nbsp;<\/p>\n<h2 class=\"p1\"><span class=\"s1\">Anmeldung<\/span><\/h2>\n<p class=\"p1\">Teilnehmen k\u00f6nnen Personen ab 14 Jahren. Die Anmeldung erfolgt entweder \u00fcber <a href=\"http:\/\/www.kuenstlerische-tatsachen.de\/workshops\">diese Internetseite<\/a> oder per Telefon \u00fcber die Nummer 05121\/8733-042. Die Teilnehmerzahl sei begrenzt, daher werde um rechtzeitige Anmeldung gebeten. \u00bbWir bitten zudem alle Interessierten, bei der Anmeldung ein paar Informationen \u00fcber sich mitzuteilen, um einen besseren \u00dcberblick zu bekommen\u00ab, erz\u00e4hlt Sarah Biering, die bei der Planung der Veranstaltungen mithilft. Au\u00dferdem sei die Teilnahme kostenlos. F\u00fcr Teilnehmende aus entlegeneren Stadtteilen wie Lobeda k\u00f6nne nach R\u00fccksprache der Fahrschein erstattet werden.<\/p>\n<p>&nbsp;<\/p>\n<h2 class=\"p1\"><span class=\"s1\">Hintergrundinformationen<\/span><\/h2>\n<p class=\"p1\">Die Workshops sind Teil des Vermittlungsprogramms <i>kT Fellows<\/i> von \u00bbK\u00fcnstlerische Tatsachen\u00ab. Das Projekt wurde im Rahmen des Hochschulwettbewerbs im Wissenschaftsjahr 2022 ausgezeichnet, das durch das Bundesministerium f\u00fcr Bildung und Forschung sowie Wissenschaft im Dialog ausgelobt wird. Fachliche Unterst\u00fctzung erfolgt durch die Universit\u00e4t Hildesheim.<span class=\"Apple-converted-space\">\u00a0<\/span><\/p>\n","protected":false},"excerpt":{"rendered":"<p>Drei Workshops laden dazu ein, im Jenaer TRAFO die Begegnung von Kunst und Wissenschaft hautnah mitzuerleben. Dabei k\u00f6nnen B\u00fcrger*innen aus Jena selbst kreativ werden und kommen dabei mit den diesj\u00e4hrigen<span class=\"ellipsis\">&hellip;<\/span><\/p>\n","protected":false},"author":72,"featured_media":123,"comment_status":"closed","ping_status":"closed","sticky":false,"template":"","format":"standard","meta":{"_acf_changed":false,"footnotes":""},"tags":[9,12,22,5,21],"class_list":["post-124","post","type-post","status-publish","format-standard","has-post-thumbnail","hentry","tag-jena","tag-kt-fellows","tag-kuenstlerische-forschung","tag-kuenstlerische-tatsachen","tag-workshops"],"acf":[],"aioseo_notices":[],"_links":{"self":[{"href":"https:\/\/www.hochschulwettbewerb.net\/2022\/hildesheim\/wp-json\/wp\/v2\/posts\/124","targetHints":{"allow":["GET"]}}],"collection":[{"href":"https:\/\/www.hochschulwettbewerb.net\/2022\/hildesheim\/wp-json\/wp\/v2\/posts"}],"about":[{"href":"https:\/\/www.hochschulwettbewerb.net\/2022\/hildesheim\/wp-json\/wp\/v2\/types\/post"}],"author":[{"embeddable":true,"href":"https:\/\/www.hochschulwettbewerb.net\/2022\/hildesheim\/wp-json\/wp\/v2\/users\/72"}],"replies":[{"embeddable":true,"href":"https:\/\/www.hochschulwettbewerb.net\/2022\/hildesheim\/wp-json\/wp\/v2\/comments?post=124"}],"version-history":[{"count":7,"href":"https:\/\/www.hochschulwettbewerb.net\/2022\/hildesheim\/wp-json\/wp\/v2\/posts\/124\/revisions"}],"predecessor-version":[{"id":131,"href":"https:\/\/www.hochschulwettbewerb.net\/2022\/hildesheim\/wp-json\/wp\/v2\/posts\/124\/revisions\/131"}],"wp:featuredmedia":[{"embeddable":true,"href":"https:\/\/www.hochschulwettbewerb.net\/2022\/hildesheim\/wp-json\/wp\/v2\/media\/123"}],"wp:attachment":[{"href":"https:\/\/www.hochschulwettbewerb.net\/2022\/hildesheim\/wp-json\/wp\/v2\/media?parent=124"}],"wp:term":[{"taxonomy":"post_tag","embeddable":true,"href":"https:\/\/www.hochschulwettbewerb.net\/2022\/hildesheim\/wp-json\/wp\/v2\/tags?post=124"}],"curies":[{"name":"wp","href":"https:\/\/api.w.org\/{rel}","templated":true}]}}