{"id":133,"date":"2022-07-12T12:33:48","date_gmt":"2022-07-12T10:33:48","guid":{"rendered":"https:\/\/www.hochschulwettbewerb.net\/2022\/hildesheim\/?p=133"},"modified":"2022-07-27T23:42:02","modified_gmt":"2022-07-27T21:42:02","slug":"kuenstlerische-tatsachen-eroeffnet","status":"publish","type":"post","link":"https:\/\/www.hochschulwettbewerb.net\/2022\/hildesheim\/2022\/07\/12\/kuenstlerische-tatsachen-eroeffnet\/","title":{"rendered":"Forschungsprozess von Kunst und Wissenschaft in Jena feierlich er\u00f6ffnet"},"content":{"rendered":"<p class=\"p1\">Gut 50 G\u00e4ste waren gekommen, um der feierlichen Er\u00f6ffnung der diesj\u00e4hrigen Ausgabe von \u201eK\u00fcnstlerische Tatsachen\u201c am vergangenen Freitag beizuwohnen. <!--more-->Projektleiter Enrique Torres und Wissenschaftskoordinatorin Elodie Sacher f\u00fchrten durch das Programm, das auch live im Internet \u00fcbertragen wurde.<span class=\"Apple-converted-space\">\u00a0<\/span><\/p>\n<p class=\"p1\">Nach einer Einf\u00fchrung zum Rahmenthema \u201eSpannung\u201c diskutierten geladene G\u00e4ste aus Kunst und Wissenschaft \u00fcber gemeinsame Forschung an Organismen, gesellschaftliche Verh\u00e4ltnisse, Zust\u00e4nde der menschlichen Psyche und weitere Themen.<span class=\"Apple-converted-space\">\u00a0<\/span><\/p>\n<p class=\"p1\">Auf dem Podium diskutierten Mario Kapitan (Wissenschaftler am Hans-Kn\u00f6ll-Institut) und Claus Sch\u00f6ning Lam Yong (K\u00fcnstler aus Wien), die beide im letzten Jahr dabei waren, sowie Mindaugas Gap\u0161evi\u010dius (Dozent an der Bauhaus-Uni). Anna Klassen (Doktorand*in an der Uni Jena) moderierte Gespr\u00e4ch, an dem sich auch die Zuschauer rege beteiligten.<\/p>\n<figure id=\"attachment_171\" aria-describedby=\"caption-attachment-171\" style=\"width: 1620px\" class=\"wp-caption aligncenter\"><img loading=\"lazy\" decoding=\"async\" class=\"wp-image-171 size-full\" src=\"https:\/\/www.hochschulwettbewerb.net\/2022\/hildesheim\/wp-content\/uploads\/sites\/70\/2022\/07\/220709_KT_2032.jpeg\" alt=\"\" width=\"1620\" height=\"1080\" srcset=\"https:\/\/www.hochschulwettbewerb.net\/2022\/hildesheim\/wp-content\/uploads\/sites\/70\/2022\/07\/220709_KT_2032.jpeg 1620w, https:\/\/www.hochschulwettbewerb.net\/2022\/hildesheim\/wp-content\/uploads\/sites\/70\/2022\/07\/220709_KT_2032-300x200.jpeg 300w, https:\/\/www.hochschulwettbewerb.net\/2022\/hildesheim\/wp-content\/uploads\/sites\/70\/2022\/07\/220709_KT_2032-1024x683.jpeg 1024w, https:\/\/www.hochschulwettbewerb.net\/2022\/hildesheim\/wp-content\/uploads\/sites\/70\/2022\/07\/220709_KT_2032-768x512.jpeg 768w, https:\/\/www.hochschulwettbewerb.net\/2022\/hildesheim\/wp-content\/uploads\/sites\/70\/2022\/07\/220709_KT_2032-1536x1024.jpeg 1536w, https:\/\/www.hochschulwettbewerb.net\/2022\/hildesheim\/wp-content\/uploads\/sites\/70\/2022\/07\/220709_KT_2032-100x67.jpeg 100w, https:\/\/www.hochschulwettbewerb.net\/2022\/hildesheim\/wp-content\/uploads\/sites\/70\/2022\/07\/220709_KT_2032-150x100.jpeg 150w, https:\/\/www.hochschulwettbewerb.net\/2022\/hildesheim\/wp-content\/uploads\/sites\/70\/2022\/07\/220709_KT_2032-200x133.jpeg 200w, https:\/\/www.hochschulwettbewerb.net\/2022\/hildesheim\/wp-content\/uploads\/sites\/70\/2022\/07\/220709_KT_2032-450x300.jpeg 450w, https:\/\/www.hochschulwettbewerb.net\/2022\/hildesheim\/wp-content\/uploads\/sites\/70\/2022\/07\/220709_KT_2032-600x400.jpeg 600w, https:\/\/www.hochschulwettbewerb.net\/2022\/hildesheim\/wp-content\/uploads\/sites\/70\/2022\/07\/220709_KT_2032-900x600.jpeg 900w\" sizes=\"auto, (max-width: 1620px) 100vw, 1620px\" \/><figcaption id=\"caption-attachment-171\" class=\"wp-caption-text\">Podiumsdiskussion zum Thema \u00bbTension\u00ab. Foto: Anna Perepechai<\/figcaption><\/figure>\n<p class=\"p1\">Zuletzt wurden die Teilnehmer*innen des diesj\u00e4hrigen Austauschs vorgestellt, die im Laufe der n\u00e4chsten Wochen gemeinsam forschen und bis Herbst eine Ausstellung entwickeln.<span class=\"Apple-converted-space\">\u00a0<\/span><\/p>\n<h5 class=\"p1\">Vernissage am 01.10.22<br \/>\nWeitere Veranstaltungen des Rahmenprogramms auf <a href=\"http:\/\/www.kuenstlerische-tatsachen.de\">www.kuenstlerische-tatsachen.de<\/a><\/h5>\n","protected":false},"excerpt":{"rendered":"<p>Gut 50 G\u00e4ste waren gekommen, um der feierlichen Er\u00f6ffnung der diesj\u00e4hrigen Ausgabe von \u201eK\u00fcnstlerische Tatsachen\u201c am vergangenen Freitag beizuwohnen.<\/p>\n","protected":false},"author":72,"featured_media":178,"comment_status":"closed","ping_status":"closed","sticky":false,"template":"","format":"standard","meta":{"_acf_changed":false,"footnotes":""},"tags":[18,9,22,5,7],"class_list":["post-133","post","type-post","status-publish","format-standard","has-post-thumbnail","hentry","tag-auftakt","tag-jena","tag-kuenstlerische-forschung","tag-kuenstlerische-tatsachen","tag-kuenstlerresidenz"],"acf":[],"aioseo_notices":[],"_links":{"self":[{"href":"https:\/\/www.hochschulwettbewerb.net\/2022\/hildesheim\/wp-json\/wp\/v2\/posts\/133","targetHints":{"allow":["GET"]}}],"collection":[{"href":"https:\/\/www.hochschulwettbewerb.net\/2022\/hildesheim\/wp-json\/wp\/v2\/posts"}],"about":[{"href":"https:\/\/www.hochschulwettbewerb.net\/2022\/hildesheim\/wp-json\/wp\/v2\/types\/post"}],"author":[{"embeddable":true,"href":"https:\/\/www.hochschulwettbewerb.net\/2022\/hildesheim\/wp-json\/wp\/v2\/users\/72"}],"replies":[{"embeddable":true,"href":"https:\/\/www.hochschulwettbewerb.net\/2022\/hildesheim\/wp-json\/wp\/v2\/comments?post=133"}],"version-history":[{"count":13,"href":"https:\/\/www.hochschulwettbewerb.net\/2022\/hildesheim\/wp-json\/wp\/v2\/posts\/133\/revisions"}],"predecessor-version":[{"id":180,"href":"https:\/\/www.hochschulwettbewerb.net\/2022\/hildesheim\/wp-json\/wp\/v2\/posts\/133\/revisions\/180"}],"wp:featuredmedia":[{"embeddable":true,"href":"https:\/\/www.hochschulwettbewerb.net\/2022\/hildesheim\/wp-json\/wp\/v2\/media\/178"}],"wp:attachment":[{"href":"https:\/\/www.hochschulwettbewerb.net\/2022\/hildesheim\/wp-json\/wp\/v2\/media?parent=133"}],"wp:term":[{"taxonomy":"post_tag","embeddable":true,"href":"https:\/\/www.hochschulwettbewerb.net\/2022\/hildesheim\/wp-json\/wp\/v2\/tags?post=133"}],"curies":[{"name":"wp","href":"https:\/\/api.w.org\/{rel}","templated":true}]}}