{"id":227,"date":"2022-09-21T22:23:39","date_gmt":"2022-09-21T20:23:39","guid":{"rendered":"https:\/\/www.hochschulwettbewerb.net\/2022\/hildesheim\/?p=227"},"modified":"2022-09-27T18:05:35","modified_gmt":"2022-09-27T16:05:35","slug":"zweiter-workshop-jena","status":"publish","type":"post","link":"https:\/\/www.hochschulwettbewerb.net\/2022\/hildesheim\/2022\/09\/21\/zweiter-workshop-jena\/","title":{"rendered":"Von den Schattenseiten des Lichts: Zweiter Workshop von \u00bbkT Fellows\u00ab in Jena"},"content":{"rendered":"<p class=\"p1\"><strong>Auch beim zweiten Workshop des Mitmachprogramms wurde der Jenaer TRAFO wieder zum offenen Kreativlabor. Passend zum Motto der <a href=\"https:\/\/www.visit-jena.de\/sehen-erleben\/lichtstadt-2\/\">\u00bbLichtstadt Jena\u00ab<\/a> setzte sich eine Gruppe aus K\u00fcnstler*innen, Wissenschaftler*innen und B\u00fcrger*innen in verschiedenen Experimenten damit auseinander, welche Kraft Licht entfalten kann \u2013 und ob diese Kraft sinnvoll verwendet werden kann.<\/strong><\/p>\n<p class=\"p1\"><!--more-->Im Vordergrund stand das gemeinsame Ausprobieren: \u00bbWir nutzten das Licht, um foto-chemische Prozesse in Gang zu setzen und die Sonne f\u00fcr uns zeichnen zu lassen. Und wir begaben uns in die Dunkelheit und lie\u00dfen Schattenpanoramen entstehen\u00ab, so die Workshopleiterin Rosmarie Weinlich. Hinter all dem stand die Frage, welchen Stellenwert hat das Licht in unserem Alltag hat und welche R\u00fcckschl\u00fcsse f\u00fcr den ganz pers\u00f6nlichen Umgang mit Licht gezogen werden k\u00f6nnen.<\/p>\n<p class=\"p1\">Im ersten Teil des Workshops experimentierte die Gruppe mit der <a href=\"https:\/\/de.wikipedia.org\/wiki\/Cyanotypie\">Cyanotypie<\/a>, einem analogen Verfahren der aus der fr\u00fchen Fotografie. Hierbei wurden mitgebrachte und gefundene Objekte auf das lichtempfindliche Papier gelegt, das die Teilnehmenden zuvor selbst hergestellt hatten. Unter ultravioletten Lampen und mit Hilfe des Sonnenlichts wurden die Bilder entwickelt und es kamen teils unerwartete Ergebnisse zum Vorschein.<span class=\"Apple-converted-space\">\u00a0<\/span><\/p>\n<div id='gallery-1' class='gallery galleryid-227 gallery-columns-3 gallery-size-large'><figure class='gallery-item'>\n\t\t\t<div class='gallery-icon portrait'>\n\t\t\t\t<a href='https:\/\/www.hochschulwettbewerb.net\/2022\/hildesheim\/2022\/09\/21\/zweiter-workshop-jena\/photo_2022-09-21-16-18-03\/'><img loading=\"lazy\" decoding=\"async\" width=\"682\" height=\"1024\" src=\"https:\/\/www.hochschulwettbewerb.net\/2022\/hildesheim\/wp-content\/uploads\/sites\/70\/2022\/09\/photo_2022-09-21-16.18.03-682x1024.jpeg\" class=\"attachment-large size-large\" alt=\"\" aria-describedby=\"gallery-1-230\" srcset=\"https:\/\/www.hochschulwettbewerb.net\/2022\/hildesheim\/wp-content\/uploads\/sites\/70\/2022\/09\/photo_2022-09-21-16.18.03-682x1024.jpeg 682w, https:\/\/www.hochschulwettbewerb.net\/2022\/hildesheim\/wp-content\/uploads\/sites\/70\/2022\/09\/photo_2022-09-21-16.18.03-200x300.jpeg 200w, https:\/\/www.hochschulwettbewerb.net\/2022\/hildesheim\/wp-content\/uploads\/sites\/70\/2022\/09\/photo_2022-09-21-16.18.03-768x1152.jpeg 768w, https:\/\/www.hochschulwettbewerb.net\/2022\/hildesheim\/wp-content\/uploads\/sites\/70\/2022\/09\/photo_2022-09-21-16.18.03-100x150.jpeg 100w, https:\/\/www.hochschulwettbewerb.net\/2022\/hildesheim\/wp-content\/uploads\/sites\/70\/2022\/09\/photo_2022-09-21-16.18.03-150x225.jpeg 150w, https:\/\/www.hochschulwettbewerb.net\/2022\/hildesheim\/wp-content\/uploads\/sites\/70\/2022\/09\/photo_2022-09-21-16.18.03-300x450.jpeg 300w, https:\/\/www.hochschulwettbewerb.net\/2022\/hildesheim\/wp-content\/uploads\/sites\/70\/2022\/09\/photo_2022-09-21-16.18.03-450x675.jpeg 450w, https:\/\/www.hochschulwettbewerb.net\/2022\/hildesheim\/wp-content\/uploads\/sites\/70\/2022\/09\/photo_2022-09-21-16.18.03-600x900.jpeg 600w, https:\/\/www.hochschulwettbewerb.net\/2022\/hildesheim\/wp-content\/uploads\/sites\/70\/2022\/09\/photo_2022-09-21-16.18.03.jpeg 853w\" sizes=\"auto, (max-width: 682px) 100vw, 682px\" \/><\/a>\n\t\t\t<\/div>\n\t\t\t\t<figcaption class='wp-caption-text gallery-caption' id='gallery-1-230'>\n\t\t\t\tDie Workshopleiterin Rosmarie Weinlich gie\u00dft die Entwicklerfl\u00fcssigkeit in einen Beh\u00e4lter. Foto: Anna Perepechai\n\t\t\t\t<\/figcaption><\/figure><figure class='gallery-item'>\n\t\t\t<div class='gallery-icon portrait'>\n\t\t\t\t<a href='https:\/\/www.hochschulwettbewerb.net\/2022\/hildesheim\/2022\/09\/21\/zweiter-workshop-jena\/photo_2022-09-21-16-18-04\/'><img loading=\"lazy\" decoding=\"async\" width=\"682\" height=\"1024\" src=\"https:\/\/www.hochschulwettbewerb.net\/2022\/hildesheim\/wp-content\/uploads\/sites\/70\/2022\/09\/photo_2022-09-21-16.18.04-682x1024.jpeg\" class=\"attachment-large size-large\" alt=\"\" aria-describedby=\"gallery-1-231\" srcset=\"https:\/\/www.hochschulwettbewerb.net\/2022\/hildesheim\/wp-content\/uploads\/sites\/70\/2022\/09\/photo_2022-09-21-16.18.04-682x1024.jpeg 682w, https:\/\/www.hochschulwettbewerb.net\/2022\/hildesheim\/wp-content\/uploads\/sites\/70\/2022\/09\/photo_2022-09-21-16.18.04-200x300.jpeg 200w, https:\/\/www.hochschulwettbewerb.net\/2022\/hildesheim\/wp-content\/uploads\/sites\/70\/2022\/09\/photo_2022-09-21-16.18.04-768x1152.jpeg 768w, https:\/\/www.hochschulwettbewerb.net\/2022\/hildesheim\/wp-content\/uploads\/sites\/70\/2022\/09\/photo_2022-09-21-16.18.04-100x150.jpeg 100w, https:\/\/www.hochschulwettbewerb.net\/2022\/hildesheim\/wp-content\/uploads\/sites\/70\/2022\/09\/photo_2022-09-21-16.18.04-150x225.jpeg 150w, https:\/\/www.hochschulwettbewerb.net\/2022\/hildesheim\/wp-content\/uploads\/sites\/70\/2022\/09\/photo_2022-09-21-16.18.04-300x450.jpeg 300w, https:\/\/www.hochschulwettbewerb.net\/2022\/hildesheim\/wp-content\/uploads\/sites\/70\/2022\/09\/photo_2022-09-21-16.18.04-450x675.jpeg 450w, https:\/\/www.hochschulwettbewerb.net\/2022\/hildesheim\/wp-content\/uploads\/sites\/70\/2022\/09\/photo_2022-09-21-16.18.04-600x900.jpeg 600w, https:\/\/www.hochschulwettbewerb.net\/2022\/hildesheim\/wp-content\/uploads\/sites\/70\/2022\/09\/photo_2022-09-21-16.18.04.jpeg 853w\" sizes=\"auto, (max-width: 682px) 100vw, 682px\" \/><\/a>\n\t\t\t<\/div>\n\t\t\t\t<figcaption class='wp-caption-text gallery-caption' id='gallery-1-231'>\n\t\t\t\tDas lichtempfindliche Papier wird mit gefundenen Materialien belegt und unter UV-Licht belichtet. Foto: Anna Perepechai\n\t\t\t\t<\/figcaption><\/figure><figure class='gallery-item'>\n\t\t\t<div class='gallery-icon portrait'>\n\t\t\t\t<a href='https:\/\/www.hochschulwettbewerb.net\/2022\/hildesheim\/2022\/09\/21\/zweiter-workshop-jena\/photo_2022-09-21-16-18-08\/'><img loading=\"lazy\" decoding=\"async\" width=\"682\" height=\"1024\" src=\"https:\/\/www.hochschulwettbewerb.net\/2022\/hildesheim\/wp-content\/uploads\/sites\/70\/2022\/09\/photo_2022-09-21-16.18.08-682x1024.jpeg\" class=\"attachment-large size-large\" alt=\"\" aria-describedby=\"gallery-1-232\" srcset=\"https:\/\/www.hochschulwettbewerb.net\/2022\/hildesheim\/wp-content\/uploads\/sites\/70\/2022\/09\/photo_2022-09-21-16.18.08-682x1024.jpeg 682w, https:\/\/www.hochschulwettbewerb.net\/2022\/hildesheim\/wp-content\/uploads\/sites\/70\/2022\/09\/photo_2022-09-21-16.18.08-200x300.jpeg 200w, https:\/\/www.hochschulwettbewerb.net\/2022\/hildesheim\/wp-content\/uploads\/sites\/70\/2022\/09\/photo_2022-09-21-16.18.08-768x1152.jpeg 768w, https:\/\/www.hochschulwettbewerb.net\/2022\/hildesheim\/wp-content\/uploads\/sites\/70\/2022\/09\/photo_2022-09-21-16.18.08-100x150.jpeg 100w, https:\/\/www.hochschulwettbewerb.net\/2022\/hildesheim\/wp-content\/uploads\/sites\/70\/2022\/09\/photo_2022-09-21-16.18.08-150x225.jpeg 150w, https:\/\/www.hochschulwettbewerb.net\/2022\/hildesheim\/wp-content\/uploads\/sites\/70\/2022\/09\/photo_2022-09-21-16.18.08-300x450.jpeg 300w, https:\/\/www.hochschulwettbewerb.net\/2022\/hildesheim\/wp-content\/uploads\/sites\/70\/2022\/09\/photo_2022-09-21-16.18.08-450x675.jpeg 450w, https:\/\/www.hochschulwettbewerb.net\/2022\/hildesheim\/wp-content\/uploads\/sites\/70\/2022\/09\/photo_2022-09-21-16.18.08-600x900.jpeg 600w, https:\/\/www.hochschulwettbewerb.net\/2022\/hildesheim\/wp-content\/uploads\/sites\/70\/2022\/09\/photo_2022-09-21-16.18.08.jpeg 853w\" sizes=\"auto, (max-width: 682px) 100vw, 682px\" \/><\/a>\n\t\t\t<\/div>\n\t\t\t\t<figcaption class='wp-caption-text gallery-caption' id='gallery-1-232'>\n\t\t\t\tDie belichteten Bilder werden ausgewaschen. Foto: Anna Perepechai\n\t\t\t\t<\/figcaption><\/figure>\n\t\t<\/div>\n\n<p>&nbsp;<\/p>\n<p class=\"p1\">Der Nachmittag stand dann im Zeichen der Dunkelheit. Mit Hilfe verschiedener Lichtquellen, optischer Effekte und<span class=\"Apple-converted-space\">\u00a0 <\/span>Baumaterialien entstanden in den Kellern des TRAFO Schattenskulpturen, welche am Schluss des Workshops in einer Abschlusspr\u00e4sentation mit Rundgang der ganzen Gruppe gezeigt und gemeinsam diskutiert wurden.<span class=\"Apple-converted-space\">\u00a0<\/span><\/p>\n<p class=\"p1\">Alle Experimente und deren Ergebnisse wurden von Paul Knop videografisch festgehalten. Der entstehende Film soll im Herbst Teil der Ausstellung von \u00bb<a href=\"http:\/\/www.kuenstlerische-tatsachen.de\/\">K\u00fcnstlerische Tatsachen<\/a>\u00ab werden.<\/p>\n<div id='gallery-2' class='gallery galleryid-227 gallery-columns-3 gallery-size-large'><figure class='gallery-item'>\n\t\t\t<div class='gallery-icon portrait'>\n\t\t\t\t<a href='https:\/\/www.hochschulwettbewerb.net\/2022\/hildesheim\/2022\/09\/21\/zweiter-workshop-jena\/220917_kt_workshop_2_094\/'><img loading=\"lazy\" decoding=\"async\" width=\"683\" height=\"1024\" src=\"https:\/\/www.hochschulwettbewerb.net\/2022\/hildesheim\/wp-content\/uploads\/sites\/70\/2022\/09\/220917_KT_Workshop_2_094-683x1024.jpg\" class=\"attachment-large size-large\" alt=\"\" aria-describedby=\"gallery-2-239\" srcset=\"https:\/\/www.hochschulwettbewerb.net\/2022\/hildesheim\/wp-content\/uploads\/sites\/70\/2022\/09\/220917_KT_Workshop_2_094-683x1024.jpg 683w, https:\/\/www.hochschulwettbewerb.net\/2022\/hildesheim\/wp-content\/uploads\/sites\/70\/2022\/09\/220917_KT_Workshop_2_094-200x300.jpg 200w, https:\/\/www.hochschulwettbewerb.net\/2022\/hildesheim\/wp-content\/uploads\/sites\/70\/2022\/09\/220917_KT_Workshop_2_094-768x1152.jpg 768w, https:\/\/www.hochschulwettbewerb.net\/2022\/hildesheim\/wp-content\/uploads\/sites\/70\/2022\/09\/220917_KT_Workshop_2_094-1024x1536.jpg 1024w, https:\/\/www.hochschulwettbewerb.net\/2022\/hildesheim\/wp-content\/uploads\/sites\/70\/2022\/09\/220917_KT_Workshop_2_094-100x150.jpg 100w, https:\/\/www.hochschulwettbewerb.net\/2022\/hildesheim\/wp-content\/uploads\/sites\/70\/2022\/09\/220917_KT_Workshop_2_094-150x225.jpg 150w, https:\/\/www.hochschulwettbewerb.net\/2022\/hildesheim\/wp-content\/uploads\/sites\/70\/2022\/09\/220917_KT_Workshop_2_094-300x450.jpg 300w, https:\/\/www.hochschulwettbewerb.net\/2022\/hildesheim\/wp-content\/uploads\/sites\/70\/2022\/09\/220917_KT_Workshop_2_094-450x675.jpg 450w, https:\/\/www.hochschulwettbewerb.net\/2022\/hildesheim\/wp-content\/uploads\/sites\/70\/2022\/09\/220917_KT_Workshop_2_094-600x900.jpg 600w, https:\/\/www.hochschulwettbewerb.net\/2022\/hildesheim\/wp-content\/uploads\/sites\/70\/2022\/09\/220917_KT_Workshop_2_094-900x1350.jpg 900w, https:\/\/www.hochschulwettbewerb.net\/2022\/hildesheim\/wp-content\/uploads\/sites\/70\/2022\/09\/220917_KT_Workshop_2_094.jpg 1080w\" sizes=\"auto, (max-width: 683px) 100vw, 683px\" \/><\/a>\n\t\t\t<\/div>\n\t\t\t\t<figcaption class='wp-caption-text gallery-caption' id='gallery-2-239'>\n\t\t\t\tMit dem richtigen Licht werden die Schattenskulpturen zum Leben erweckt. Foto: Anna Perepechai\n\t\t\t\t<\/figcaption><\/figure><figure class='gallery-item'>\n\t\t\t<div class='gallery-icon portrait'>\n\t\t\t\t<a href='https:\/\/www.hochschulwettbewerb.net\/2022\/hildesheim\/2022\/09\/21\/zweiter-workshop-jena\/220917_kt_workshop_2_104\/'><img loading=\"lazy\" decoding=\"async\" width=\"683\" height=\"1024\" src=\"https:\/\/www.hochschulwettbewerb.net\/2022\/hildesheim\/wp-content\/uploads\/sites\/70\/2022\/09\/220917_KT_Workshop_2_104-683x1024.jpg\" class=\"attachment-large size-large\" alt=\"\" aria-describedby=\"gallery-2-240\" srcset=\"https:\/\/www.hochschulwettbewerb.net\/2022\/hildesheim\/wp-content\/uploads\/sites\/70\/2022\/09\/220917_KT_Workshop_2_104-683x1024.jpg 683w, https:\/\/www.hochschulwettbewerb.net\/2022\/hildesheim\/wp-content\/uploads\/sites\/70\/2022\/09\/220917_KT_Workshop_2_104-200x300.jpg 200w, https:\/\/www.hochschulwettbewerb.net\/2022\/hildesheim\/wp-content\/uploads\/sites\/70\/2022\/09\/220917_KT_Workshop_2_104-768x1152.jpg 768w, https:\/\/www.hochschulwettbewerb.net\/2022\/hildesheim\/wp-content\/uploads\/sites\/70\/2022\/09\/220917_KT_Workshop_2_104-1024x1536.jpg 1024w, https:\/\/www.hochschulwettbewerb.net\/2022\/hildesheim\/wp-content\/uploads\/sites\/70\/2022\/09\/220917_KT_Workshop_2_104-100x150.jpg 100w, https:\/\/www.hochschulwettbewerb.net\/2022\/hildesheim\/wp-content\/uploads\/sites\/70\/2022\/09\/220917_KT_Workshop_2_104-150x225.jpg 150w, https:\/\/www.hochschulwettbewerb.net\/2022\/hildesheim\/wp-content\/uploads\/sites\/70\/2022\/09\/220917_KT_Workshop_2_104-300x450.jpg 300w, https:\/\/www.hochschulwettbewerb.net\/2022\/hildesheim\/wp-content\/uploads\/sites\/70\/2022\/09\/220917_KT_Workshop_2_104-450x675.jpg 450w, https:\/\/www.hochschulwettbewerb.net\/2022\/hildesheim\/wp-content\/uploads\/sites\/70\/2022\/09\/220917_KT_Workshop_2_104-600x900.jpg 600w, https:\/\/www.hochschulwettbewerb.net\/2022\/hildesheim\/wp-content\/uploads\/sites\/70\/2022\/09\/220917_KT_Workshop_2_104-900x1350.jpg 900w, https:\/\/www.hochschulwettbewerb.net\/2022\/hildesheim\/wp-content\/uploads\/sites\/70\/2022\/09\/220917_KT_Workshop_2_104.jpg 1080w\" sizes=\"auto, (max-width: 683px) 100vw, 683px\" \/><\/a>\n\t\t\t<\/div>\n\t\t\t\t<figcaption class='wp-caption-text gallery-caption' id='gallery-2-240'>\n\t\t\t\tDie Teilnehmenden entwickelten Schattenskulpturen in den R\u00e4umen des TRAFO Jena. Foto: Anna Perepechai\n\t\t\t\t<\/figcaption><\/figure><figure class='gallery-item'>\n\t\t\t<div class='gallery-icon portrait'>\n\t\t\t\t<a href='https:\/\/www.hochschulwettbewerb.net\/2022\/hildesheim\/2022\/09\/21\/zweiter-workshop-jena\/220917_kt_workshop_2_119\/'><img loading=\"lazy\" decoding=\"async\" width=\"683\" height=\"1024\" src=\"https:\/\/www.hochschulwettbewerb.net\/2022\/hildesheim\/wp-content\/uploads\/sites\/70\/2022\/09\/220917_KT_Workshop_2_119-683x1024.jpg\" class=\"attachment-large size-large\" alt=\"\" aria-describedby=\"gallery-2-241\" srcset=\"https:\/\/www.hochschulwettbewerb.net\/2022\/hildesheim\/wp-content\/uploads\/sites\/70\/2022\/09\/220917_KT_Workshop_2_119-683x1024.jpg 683w, https:\/\/www.hochschulwettbewerb.net\/2022\/hildesheim\/wp-content\/uploads\/sites\/70\/2022\/09\/220917_KT_Workshop_2_119-200x300.jpg 200w, https:\/\/www.hochschulwettbewerb.net\/2022\/hildesheim\/wp-content\/uploads\/sites\/70\/2022\/09\/220917_KT_Workshop_2_119-768x1152.jpg 768w, https:\/\/www.hochschulwettbewerb.net\/2022\/hildesheim\/wp-content\/uploads\/sites\/70\/2022\/09\/220917_KT_Workshop_2_119-1024x1536.jpg 1024w, https:\/\/www.hochschulwettbewerb.net\/2022\/hildesheim\/wp-content\/uploads\/sites\/70\/2022\/09\/220917_KT_Workshop_2_119-100x150.jpg 100w, https:\/\/www.hochschulwettbewerb.net\/2022\/hildesheim\/wp-content\/uploads\/sites\/70\/2022\/09\/220917_KT_Workshop_2_119-150x225.jpg 150w, https:\/\/www.hochschulwettbewerb.net\/2022\/hildesheim\/wp-content\/uploads\/sites\/70\/2022\/09\/220917_KT_Workshop_2_119-300x450.jpg 300w, https:\/\/www.hochschulwettbewerb.net\/2022\/hildesheim\/wp-content\/uploads\/sites\/70\/2022\/09\/220917_KT_Workshop_2_119-450x675.jpg 450w, https:\/\/www.hochschulwettbewerb.net\/2022\/hildesheim\/wp-content\/uploads\/sites\/70\/2022\/09\/220917_KT_Workshop_2_119-600x900.jpg 600w, https:\/\/www.hochschulwettbewerb.net\/2022\/hildesheim\/wp-content\/uploads\/sites\/70\/2022\/09\/220917_KT_Workshop_2_119-900x1350.jpg 900w, https:\/\/www.hochschulwettbewerb.net\/2022\/hildesheim\/wp-content\/uploads\/sites\/70\/2022\/09\/220917_KT_Workshop_2_119.jpg 1080w\" sizes=\"auto, (max-width: 683px) 100vw, 683px\" \/><\/a>\n\t\t\t<\/div>\n\t\t\t\t<figcaption class='wp-caption-text gallery-caption' id='gallery-2-241'>\n\t\t\t\tRosmarie Weinlich ist Lichtk\u00fcnstlerin und leitete den Workshop. Foto: Anna Perepechai\n\t\t\t\t<\/figcaption><\/figure>\n\t\t<\/div>\n\n<p>&nbsp;<\/p>\n<p class=\"p1\">\u00bbAls Lichtk\u00fcnstlerin ist es mir ein Anliegen, auch die kritischen Ph\u00e4nomene des Lichts weiterzugeben\u00ab, erz\u00e4hlt Rosmarie Weinlich, die den Workshop geleitet hat. \u00bbLichtverschmutzung ist ein modernes Ph\u00e4nomen, das die menschengemachte k\u00fcnstliche Aufhellung des Nachthimmels beschreibt. Es hat massive Auswirkungen auf die Flora und Fauna \u2013 daf\u00fcr m\u00f6chte ich in meinen Workshops sensibilisieren.\u00ab<\/p>\n<p class=\"p1\">Gabriel D\u00f6rner hat die Workshopreihe initiiert und betont zudem den Aspekt der <a href=\"https:\/\/www.hochschulwettbewerb.net\/2022\/hildesheim\/2022\/09\/05\/kuenstlerische-forschung\/\">k\u00fcnstlerischen Forschung<\/a>, der dem Konzept zugrunde liegt: \u00bbWir erm\u00f6glichen Lernr\u00e4ume, die vom kreativen Experiment leben. Durch das spielerische Ausprobieren mit Licht und Schatten konnten die Teilnehmenden zu neuen Erkenntnissen \u00fcber physikalische Ph\u00e4nomene gelangen. Und \u00fcber die k\u00fcnstlerischen Pr\u00e4sentationsformen konnten sie beispielsweise etwas \u00fcber die negativen Aspekte von Licht in unserer Kulturlandschaft zum Ausdruck bringen.\u00ab<\/p>\n<figure id=\"attachment_242\" aria-describedby=\"caption-attachment-242\" style=\"width: 1620px\" class=\"wp-caption alignleft\"><img loading=\"lazy\" decoding=\"async\" class=\"wp-image-242 size-full\" src=\"https:\/\/www.hochschulwettbewerb.net\/2022\/hildesheim\/wp-content\/uploads\/sites\/70\/2022\/09\/220917_KT_Workshop_2_126.jpg\" alt=\"\" width=\"1620\" height=\"1080\" srcset=\"https:\/\/www.hochschulwettbewerb.net\/2022\/hildesheim\/wp-content\/uploads\/sites\/70\/2022\/09\/220917_KT_Workshop_2_126.jpg 1620w, https:\/\/www.hochschulwettbewerb.net\/2022\/hildesheim\/wp-content\/uploads\/sites\/70\/2022\/09\/220917_KT_Workshop_2_126-300x200.jpg 300w, https:\/\/www.hochschulwettbewerb.net\/2022\/hildesheim\/wp-content\/uploads\/sites\/70\/2022\/09\/220917_KT_Workshop_2_126-1024x683.jpg 1024w, https:\/\/www.hochschulwettbewerb.net\/2022\/hildesheim\/wp-content\/uploads\/sites\/70\/2022\/09\/220917_KT_Workshop_2_126-768x512.jpg 768w, https:\/\/www.hochschulwettbewerb.net\/2022\/hildesheim\/wp-content\/uploads\/sites\/70\/2022\/09\/220917_KT_Workshop_2_126-1536x1024.jpg 1536w, https:\/\/www.hochschulwettbewerb.net\/2022\/hildesheim\/wp-content\/uploads\/sites\/70\/2022\/09\/220917_KT_Workshop_2_126-100x67.jpg 100w, https:\/\/www.hochschulwettbewerb.net\/2022\/hildesheim\/wp-content\/uploads\/sites\/70\/2022\/09\/220917_KT_Workshop_2_126-150x100.jpg 150w, https:\/\/www.hochschulwettbewerb.net\/2022\/hildesheim\/wp-content\/uploads\/sites\/70\/2022\/09\/220917_KT_Workshop_2_126-200x133.jpg 200w, https:\/\/www.hochschulwettbewerb.net\/2022\/hildesheim\/wp-content\/uploads\/sites\/70\/2022\/09\/220917_KT_Workshop_2_126-450x300.jpg 450w, https:\/\/www.hochschulwettbewerb.net\/2022\/hildesheim\/wp-content\/uploads\/sites\/70\/2022\/09\/220917_KT_Workshop_2_126-600x400.jpg 600w, https:\/\/www.hochschulwettbewerb.net\/2022\/hildesheim\/wp-content\/uploads\/sites\/70\/2022\/09\/220917_KT_Workshop_2_126-900x600.jpg 900w\" sizes=\"auto, (max-width: 1620px) 100vw, 1620px\" \/><figcaption id=\"caption-attachment-242\" class=\"wp-caption-text\">Gemeinsame Abschlusspr\u00e4sentation am Ende des Workshops. Foto: Anna Perepechai<\/figcaption><\/figure>\n","protected":false},"excerpt":{"rendered":"<p>Auch beim zweiten Workshop des Mitmachprogramms wurde der Jenaer TRAFO wieder zum offenen Kreativlabor. Passend zum Motto der \u00bbLichtstadt Jena\u00ab setzte sich eine Gruppe aus K\u00fcnstler*innen, Wissenschaftler*innen und B\u00fcrger*innen in<span class=\"ellipsis\">&hellip;<\/span><\/p>\n","protected":false},"author":72,"featured_media":233,"comment_status":"closed","ping_status":"closed","sticky":false,"template":"","format":"standard","meta":{"_acf_changed":false,"footnotes":""},"tags":[33,31,9,22,5,32,13],"class_list":["post-227","post","type-post","status-publish","format-standard","has-post-thumbnail","hentry","tag-analoge-fotografie","tag-cyanotypie","tag-jena","tag-kuenstlerische-forschung","tag-kuenstlerische-tatsachen","tag-rosmarie-weinlich","tag-workshop"],"acf":[],"aioseo_notices":[],"_links":{"self":[{"href":"https:\/\/www.hochschulwettbewerb.net\/2022\/hildesheim\/wp-json\/wp\/v2\/posts\/227","targetHints":{"allow":["GET"]}}],"collection":[{"href":"https:\/\/www.hochschulwettbewerb.net\/2022\/hildesheim\/wp-json\/wp\/v2\/posts"}],"about":[{"href":"https:\/\/www.hochschulwettbewerb.net\/2022\/hildesheim\/wp-json\/wp\/v2\/types\/post"}],"author":[{"embeddable":true,"href":"https:\/\/www.hochschulwettbewerb.net\/2022\/hildesheim\/wp-json\/wp\/v2\/users\/72"}],"replies":[{"embeddable":true,"href":"https:\/\/www.hochschulwettbewerb.net\/2022\/hildesheim\/wp-json\/wp\/v2\/comments?post=227"}],"version-history":[{"count":8,"href":"https:\/\/www.hochschulwettbewerb.net\/2022\/hildesheim\/wp-json\/wp\/v2\/posts\/227\/revisions"}],"predecessor-version":[{"id":246,"href":"https:\/\/www.hochschulwettbewerb.net\/2022\/hildesheim\/wp-json\/wp\/v2\/posts\/227\/revisions\/246"}],"wp:featuredmedia":[{"embeddable":true,"href":"https:\/\/www.hochschulwettbewerb.net\/2022\/hildesheim\/wp-json\/wp\/v2\/media\/233"}],"wp:attachment":[{"href":"https:\/\/www.hochschulwettbewerb.net\/2022\/hildesheim\/wp-json\/wp\/v2\/media?parent=227"}],"wp:term":[{"taxonomy":"post_tag","embeddable":true,"href":"https:\/\/www.hochschulwettbewerb.net\/2022\/hildesheim\/wp-json\/wp\/v2\/tags?post=227"}],"curies":[{"name":"wp","href":"https:\/\/api.w.org\/{rel}","templated":true}]}}