{"id":33,"date":"2022-05-12T15:50:57","date_gmt":"2022-05-12T13:50:57","guid":{"rendered":"https:\/\/www.hochschulwettbewerb.net\/2022\/hildesheim\/?p=33"},"modified":"2022-05-20T20:31:54","modified_gmt":"2022-05-20T18:31:54","slug":"open-call-kuenstlerische-tatsachen","status":"publish","type":"post","link":"https:\/\/www.hochschulwettbewerb.net\/2022\/hildesheim\/2022\/05\/12\/open-call-kuenstlerische-tatsachen\/","title":{"rendered":"Open Call f\u00fcr \u00bbK\u00fcnstlerische Tatsachen\u00ab gestartet"},"content":{"rendered":"<p>Endlich ist es soweit! Ab sofort suchen wir Ku\u0308nstler*innen, die an unserer Arts &amp; Science Residency \u00bbK\u00fcnstlerische Tatsachen\u00ab teilnehmen wollen.<!--more--><\/p>\n<p>Bewerben k\u00f6nnen sich alle Kunstschaffenden, die Lust haben, Forschungslabore in Jena zu besuchen und sich mit den <a href=\"http:\/\/www.kuenstlerische-tatsachen.de\/call\/#institutions\">Forschungsthemen unserer kooperierenden Wissenschaftler*innen<\/a> zu besch\u00e4ftigen. Dieser Austausch soll dann zu ausstellbaren Kunstwerken fu\u0308hren. Aufgrund der r\u00e4umlichen Gegebenheiten suchen wir insbesondere nach bildenden K\u00fcnstler*innen. Jedoch sind auch andere Kunstformen wie Darstellende Kunst, Literatur und Musik nach Absprache umsetzbar. \u00dcber sparten\u00fcbergreifende Arbeitsweisen freuen wir uns besonders. Erfahrungen im Bereich Arts &amp; Science sind gewu\u0308nscht.<\/p>\n<p>Die Arbeitszeit von Juli bis Ende September wird begleitet von einer Er\u00f6ffnungsveranstaltung sowie <a href=\"http:\/\/www.kuenstlerische-tatsachen.de\/workshops\/\" data-type=\"page\" data-id=\"306\" data-title=\"Workshops\">Workshops des Mitmachprogramms \u00bbkT Fellows\u00ab<\/a>\u00a0oder unseren\u00a0Arts &amp; Science-Soir\u00e9es. Teilnehmende sollten bereit sein, an den Programmpunkten aktiv teilzunehmen, da unsere Residency von Dialog, Austausch und Pr\u00e4senz lebt.<\/p>\n<h1>Bewerbungsschluss ist der 26.05.22.<\/h1>\n<p>&nbsp;<\/p>\n<div id='gallery-1' class='gallery galleryid-33 gallery-columns-3 gallery-size-medium'><figure class='gallery-item'>\n\t\t\t<div class='gallery-icon landscape'>\n\t\t\t\t<a href='https:\/\/www.hochschulwettbewerb.net\/2022\/hildesheim\/2022\/05\/12\/open-call-kuenstlerische-tatsachen\/210519-trafo-atelier-4-plain\/'><img loading=\"lazy\" decoding=\"async\" width=\"300\" height=\"200\" src=\"https:\/\/www.hochschulwettbewerb.net\/2022\/hildesheim\/wp-content\/uploads\/sites\/70\/2022\/05\/210519-Trafo-Atelier-4-plain-300x200.jpg\" class=\"attachment-medium size-medium\" alt=\"\" aria-describedby=\"gallery-1-45\" srcset=\"https:\/\/www.hochschulwettbewerb.net\/2022\/hildesheim\/wp-content\/uploads\/sites\/70\/2022\/05\/210519-Trafo-Atelier-4-plain-300x200.jpg 300w, https:\/\/www.hochschulwettbewerb.net\/2022\/hildesheim\/wp-content\/uploads\/sites\/70\/2022\/05\/210519-Trafo-Atelier-4-plain-1024x683.jpg 1024w, https:\/\/www.hochschulwettbewerb.net\/2022\/hildesheim\/wp-content\/uploads\/sites\/70\/2022\/05\/210519-Trafo-Atelier-4-plain-768x512.jpg 768w, https:\/\/www.hochschulwettbewerb.net\/2022\/hildesheim\/wp-content\/uploads\/sites\/70\/2022\/05\/210519-Trafo-Atelier-4-plain-1536x1024.jpg 1536w, https:\/\/www.hochschulwettbewerb.net\/2022\/hildesheim\/wp-content\/uploads\/sites\/70\/2022\/05\/210519-Trafo-Atelier-4-plain-2048x1365.jpg 2048w, https:\/\/www.hochschulwettbewerb.net\/2022\/hildesheim\/wp-content\/uploads\/sites\/70\/2022\/05\/210519-Trafo-Atelier-4-plain-100x67.jpg 100w, https:\/\/www.hochschulwettbewerb.net\/2022\/hildesheim\/wp-content\/uploads\/sites\/70\/2022\/05\/210519-Trafo-Atelier-4-plain-150x100.jpg 150w, https:\/\/www.hochschulwettbewerb.net\/2022\/hildesheim\/wp-content\/uploads\/sites\/70\/2022\/05\/210519-Trafo-Atelier-4-plain-200x133.jpg 200w, https:\/\/www.hochschulwettbewerb.net\/2022\/hildesheim\/wp-content\/uploads\/sites\/70\/2022\/05\/210519-Trafo-Atelier-4-plain-450x300.jpg 450w, https:\/\/www.hochschulwettbewerb.net\/2022\/hildesheim\/wp-content\/uploads\/sites\/70\/2022\/05\/210519-Trafo-Atelier-4-plain-600x400.jpg 600w, https:\/\/www.hochschulwettbewerb.net\/2022\/hildesheim\/wp-content\/uploads\/sites\/70\/2022\/05\/210519-Trafo-Atelier-4-plain-900x600.jpg 900w\" sizes=\"auto, (max-width: 300px) 100vw, 300px\" \/><\/a>\n\t\t\t<\/div>\n\t\t\t\t<figcaption class='wp-caption-text gallery-caption' id='gallery-1-45'>\n\t\t\t\tBlick ins Atelier: Alle K\u00fcnstler*innen bekommen einen eigenen Arbeitsraum. \n\t\t\t\t<\/figcaption><\/figure><figure class='gallery-item'>\n\t\t\t<div class='gallery-icon landscape'>\n\t\t\t\t<a href='https:\/\/www.hochschulwettbewerb.net\/2022\/hildesheim\/2022\/05\/12\/open-call-kuenstlerische-tatsachen\/210519-trafo-atelier-3-plain\/'><img loading=\"lazy\" decoding=\"async\" width=\"300\" height=\"200\" src=\"https:\/\/www.hochschulwettbewerb.net\/2022\/hildesheim\/wp-content\/uploads\/sites\/70\/2022\/05\/210519-Trafo-Atelier-3-plain-300x200.jpg\" class=\"attachment-medium size-medium\" alt=\"\" srcset=\"https:\/\/www.hochschulwettbewerb.net\/2022\/hildesheim\/wp-content\/uploads\/sites\/70\/2022\/05\/210519-Trafo-Atelier-3-plain-300x200.jpg 300w, https:\/\/www.hochschulwettbewerb.net\/2022\/hildesheim\/wp-content\/uploads\/sites\/70\/2022\/05\/210519-Trafo-Atelier-3-plain-1024x683.jpg 1024w, https:\/\/www.hochschulwettbewerb.net\/2022\/hildesheim\/wp-content\/uploads\/sites\/70\/2022\/05\/210519-Trafo-Atelier-3-plain-768x512.jpg 768w, https:\/\/www.hochschulwettbewerb.net\/2022\/hildesheim\/wp-content\/uploads\/sites\/70\/2022\/05\/210519-Trafo-Atelier-3-plain-1536x1024.jpg 1536w, https:\/\/www.hochschulwettbewerb.net\/2022\/hildesheim\/wp-content\/uploads\/sites\/70\/2022\/05\/210519-Trafo-Atelier-3-plain-2048x1365.jpg 2048w, https:\/\/www.hochschulwettbewerb.net\/2022\/hildesheim\/wp-content\/uploads\/sites\/70\/2022\/05\/210519-Trafo-Atelier-3-plain-100x67.jpg 100w, https:\/\/www.hochschulwettbewerb.net\/2022\/hildesheim\/wp-content\/uploads\/sites\/70\/2022\/05\/210519-Trafo-Atelier-3-plain-150x100.jpg 150w, https:\/\/www.hochschulwettbewerb.net\/2022\/hildesheim\/wp-content\/uploads\/sites\/70\/2022\/05\/210519-Trafo-Atelier-3-plain-200x133.jpg 200w, https:\/\/www.hochschulwettbewerb.net\/2022\/hildesheim\/wp-content\/uploads\/sites\/70\/2022\/05\/210519-Trafo-Atelier-3-plain-450x300.jpg 450w, https:\/\/www.hochschulwettbewerb.net\/2022\/hildesheim\/wp-content\/uploads\/sites\/70\/2022\/05\/210519-Trafo-Atelier-3-plain-600x400.jpg 600w, https:\/\/www.hochschulwettbewerb.net\/2022\/hildesheim\/wp-content\/uploads\/sites\/70\/2022\/05\/210519-Trafo-Atelier-3-plain-900x600.jpg 900w\" sizes=\"auto, (max-width: 300px) 100vw, 300px\" \/><\/a>\n\t\t\t<\/div><\/figure><figure class='gallery-item'>\n\t\t\t<div class='gallery-icon landscape'>\n\t\t\t\t<a href='https:\/\/www.hochschulwettbewerb.net\/2022\/hildesheim\/2022\/05\/12\/open-call-kuenstlerische-tatsachen\/210519-trafo-atelier-2-plain\/'><img loading=\"lazy\" decoding=\"async\" width=\"300\" height=\"200\" src=\"https:\/\/www.hochschulwettbewerb.net\/2022\/hildesheim\/wp-content\/uploads\/sites\/70\/2022\/05\/210519-Trafo-Atelier-2-plain-300x200.jpg\" class=\"attachment-medium size-medium\" alt=\"\" srcset=\"https:\/\/www.hochschulwettbewerb.net\/2022\/hildesheim\/wp-content\/uploads\/sites\/70\/2022\/05\/210519-Trafo-Atelier-2-plain-300x200.jpg 300w, https:\/\/www.hochschulwettbewerb.net\/2022\/hildesheim\/wp-content\/uploads\/sites\/70\/2022\/05\/210519-Trafo-Atelier-2-plain-1024x683.jpg 1024w, https:\/\/www.hochschulwettbewerb.net\/2022\/hildesheim\/wp-content\/uploads\/sites\/70\/2022\/05\/210519-Trafo-Atelier-2-plain-768x512.jpg 768w, https:\/\/www.hochschulwettbewerb.net\/2022\/hildesheim\/wp-content\/uploads\/sites\/70\/2022\/05\/210519-Trafo-Atelier-2-plain-1536x1024.jpg 1536w, https:\/\/www.hochschulwettbewerb.net\/2022\/hildesheim\/wp-content\/uploads\/sites\/70\/2022\/05\/210519-Trafo-Atelier-2-plain-2048x1365.jpg 2048w, https:\/\/www.hochschulwettbewerb.net\/2022\/hildesheim\/wp-content\/uploads\/sites\/70\/2022\/05\/210519-Trafo-Atelier-2-plain-100x67.jpg 100w, https:\/\/www.hochschulwettbewerb.net\/2022\/hildesheim\/wp-content\/uploads\/sites\/70\/2022\/05\/210519-Trafo-Atelier-2-plain-150x100.jpg 150w, https:\/\/www.hochschulwettbewerb.net\/2022\/hildesheim\/wp-content\/uploads\/sites\/70\/2022\/05\/210519-Trafo-Atelier-2-plain-200x133.jpg 200w, https:\/\/www.hochschulwettbewerb.net\/2022\/hildesheim\/wp-content\/uploads\/sites\/70\/2022\/05\/210519-Trafo-Atelier-2-plain-450x300.jpg 450w, https:\/\/www.hochschulwettbewerb.net\/2022\/hildesheim\/wp-content\/uploads\/sites\/70\/2022\/05\/210519-Trafo-Atelier-2-plain-600x400.jpg 600w, https:\/\/www.hochschulwettbewerb.net\/2022\/hildesheim\/wp-content\/uploads\/sites\/70\/2022\/05\/210519-Trafo-Atelier-2-plain-900x600.jpg 900w\" sizes=\"auto, (max-width: 300px) 100vw, 300px\" \/><\/a>\n\t\t\t<\/div><\/figure>\n\t\t<\/div>\n\n<h1><\/h1>\n<h2><\/h2>\n<p>&nbsp;<\/p>\n<h2><strong>Phasen der Residency<\/strong><\/h2>\n<h3 class=\"p1\">1. Orientierung<span class=\"Apple-converted-space\">\u00a0<\/span><\/h3>\n<p class=\"p2\"><i>Auftaktveranstaltung: 09.07.22<br \/>\n<\/i>Vorstellung von themenbezogenen Forschungsergebnissen der teilnehmenden Wissenschaftler*innen unter Einbeziehung der \u00d6ffentlichkeit.<span class=\"Apple-converted-space\">\u00a0<\/span>Die K\u00fcnstler*innen beziehen ihr Atelier und haben die Gelegenheit, die Wissenschaftler*innen in ihren Arbeitsst\u00e4tten zu besuchen.<\/p>\n<h3 class=\"p1\">2. Austausch<span class=\"Apple-converted-space\">\u00a0<\/span><\/h3>\n<p class=\"p2\">Die K\u00fcnstler*innen arbeiten intensiv an einer Interpretation des Forschungsergebnisses mit regelm\u00e4\u00dfigen Konsultationen mit Wissenschaftler*innen.<\/p>\n<h3 class=\"p1\">3. Abschluss<\/h3>\n<p class=\"p2\"><i>Vernissage: 01.10.22<br \/>\n<\/i>Wir er\u00f6ffnen gemeinsame Ausstellung.<span class=\"Apple-converted-space\">\u00a0<\/span><\/p>\n<h3 class=\"p1\">4. Reflexion<\/h3>\n<p class=\"p2\">Nachdem der gemeinsame Forschungsprozess abgeschlossen ist, laden wir die Teilnehmenden dazu ein, ihre Erfahrungen mit uns zu teilen. Dieses Material verwenden wir dann f\u00fcr unsere Ver\u00f6ffentlichung.<\/p>\n<h3 class=\"p1\">5. Bewahren<\/h3>\n<p class=\"p2\">Nach der Ausstellung ist vor der Ausstellung. Wir bewahren alle entstandenen Arbeiten im TRAFO Magazin auf und k\u00fcmmern uns in enger Absprache mit den Teilnehmenden optional um Folge-Ausstellungen und den Vertrieb.<\/p>\n<p>&nbsp;<\/p>\n<h2>Hier findet ihr alle ausf\u00fchrlichen Infos zur Residency und zur Bewerbung.<\/h2>\n<h1><a href=\"http:\/\/www.kuenstlerische-tatsachen.de\/call\/\">Zur Webseite<\/a><\/h1>\n<p>&nbsp;<\/p>\n<figure id=\"attachment_47\" aria-describedby=\"caption-attachment-47\" style=\"width: 1000px\" class=\"wp-caption alignnone\"><img loading=\"lazy\" decoding=\"async\" class=\"size-full wp-image-47\" src=\"https:\/\/www.hochschulwettbewerb.net\/2022\/hildesheim\/wp-content\/uploads\/sites\/70\/2022\/05\/21-07-31_KT-Labore_DSC1878_rgb_1_0-klein.jpg\" alt=\"\" width=\"1000\" height=\"667\" srcset=\"https:\/\/www.hochschulwettbewerb.net\/2022\/hildesheim\/wp-content\/uploads\/sites\/70\/2022\/05\/21-07-31_KT-Labore_DSC1878_rgb_1_0-klein.jpg 1000w, https:\/\/www.hochschulwettbewerb.net\/2022\/hildesheim\/wp-content\/uploads\/sites\/70\/2022\/05\/21-07-31_KT-Labore_DSC1878_rgb_1_0-klein-300x200.jpg 300w, https:\/\/www.hochschulwettbewerb.net\/2022\/hildesheim\/wp-content\/uploads\/sites\/70\/2022\/05\/21-07-31_KT-Labore_DSC1878_rgb_1_0-klein-768x512.jpg 768w, https:\/\/www.hochschulwettbewerb.net\/2022\/hildesheim\/wp-content\/uploads\/sites\/70\/2022\/05\/21-07-31_KT-Labore_DSC1878_rgb_1_0-klein-100x67.jpg 100w, https:\/\/www.hochschulwettbewerb.net\/2022\/hildesheim\/wp-content\/uploads\/sites\/70\/2022\/05\/21-07-31_KT-Labore_DSC1878_rgb_1_0-klein-150x100.jpg 150w, https:\/\/www.hochschulwettbewerb.net\/2022\/hildesheim\/wp-content\/uploads\/sites\/70\/2022\/05\/21-07-31_KT-Labore_DSC1878_rgb_1_0-klein-200x133.jpg 200w, https:\/\/www.hochschulwettbewerb.net\/2022\/hildesheim\/wp-content\/uploads\/sites\/70\/2022\/05\/21-07-31_KT-Labore_DSC1878_rgb_1_0-klein-450x300.jpg 450w, https:\/\/www.hochschulwettbewerb.net\/2022\/hildesheim\/wp-content\/uploads\/sites\/70\/2022\/05\/21-07-31_KT-Labore_DSC1878_rgb_1_0-klein-600x400.jpg 600w, https:\/\/www.hochschulwettbewerb.net\/2022\/hildesheim\/wp-content\/uploads\/sites\/70\/2022\/05\/21-07-31_KT-Labore_DSC1878_rgb_1_0-klein-900x600.jpg 900w\" sizes=\"auto, (max-width: 1000px) 100vw, 1000px\" \/><figcaption id=\"caption-attachment-47\" class=\"wp-caption-text\">Foto: Leonie Lindl<\/figcaption><\/figure>\n","protected":false},"excerpt":{"rendered":"<p>Endlich ist es soweit! Ab sofort suchen wir Ku\u0308nstler*innen, die an unserer Arts &amp; Science Residency \u00bbK\u00fcnstlerische Tatsachen\u00ab teilnehmen wollen.<\/p>\n","protected":false},"author":72,"featured_media":80,"comment_status":"closed","ping_status":"closed","sticky":false,"template":"","format":"standard","meta":{"_acf_changed":false,"footnotes":""},"tags":[4,6,5,7,3,2],"class_list":["post-33","post","type-post","status-publish","format-standard","has-post-thumbnail","hentry","tag-arts-and-science","tag-ausschreibung","tag-kuenstlerische-tatsachen","tag-kuenstlerresidenz","tag-open-call","tag-residency"],"acf":[],"aioseo_notices":[],"_links":{"self":[{"href":"https:\/\/www.hochschulwettbewerb.net\/2022\/hildesheim\/wp-json\/wp\/v2\/posts\/33","targetHints":{"allow":["GET"]}}],"collection":[{"href":"https:\/\/www.hochschulwettbewerb.net\/2022\/hildesheim\/wp-json\/wp\/v2\/posts"}],"about":[{"href":"https:\/\/www.hochschulwettbewerb.net\/2022\/hildesheim\/wp-json\/wp\/v2\/types\/post"}],"author":[{"embeddable":true,"href":"https:\/\/www.hochschulwettbewerb.net\/2022\/hildesheim\/wp-json\/wp\/v2\/users\/72"}],"replies":[{"embeddable":true,"href":"https:\/\/www.hochschulwettbewerb.net\/2022\/hildesheim\/wp-json\/wp\/v2\/comments?post=33"}],"version-history":[{"count":21,"href":"https:\/\/www.hochschulwettbewerb.net\/2022\/hildesheim\/wp-json\/wp\/v2\/posts\/33\/revisions"}],"predecessor-version":[{"id":69,"href":"https:\/\/www.hochschulwettbewerb.net\/2022\/hildesheim\/wp-json\/wp\/v2\/posts\/33\/revisions\/69"}],"wp:featuredmedia":[{"embeddable":true,"href":"https:\/\/www.hochschulwettbewerb.net\/2022\/hildesheim\/wp-json\/wp\/v2\/media\/80"}],"wp:attachment":[{"href":"https:\/\/www.hochschulwettbewerb.net\/2022\/hildesheim\/wp-json\/wp\/v2\/media?parent=33"}],"wp:term":[{"taxonomy":"post_tag","embeddable":true,"href":"https:\/\/www.hochschulwettbewerb.net\/2022\/hildesheim\/wp-json\/wp\/v2\/tags?post=33"}],"curies":[{"name":"wp","href":"https:\/\/api.w.org\/{rel}","templated":true}]}}