{"id":87,"date":"2022-06-07T00:01:42","date_gmt":"2022-06-06T22:01:42","guid":{"rendered":"https:\/\/www.hochschulwettbewerb.net\/2022\/hildesheim\/?p=87"},"modified":"2022-06-07T00:14:37","modified_gmt":"2022-06-06T22:14:37","slug":"kuenstlerinnen-arbeiten-mit-spitzenforschung","status":"publish","type":"post","link":"https:\/\/www.hochschulwettbewerb.net\/2022\/hildesheim\/2022\/06\/07\/kuenstlerinnen-arbeiten-mit-spitzenforschung\/","title":{"rendered":"Internationale K\u00fcnstler*innen arbeiten mit Jenaer Spitzenforschung zusammen"},"content":{"rendered":"<p><b>Von Juli bis September werden f\u00fcnf K\u00fcnstler*innen im TRAFO Jena ihr Atelier beziehen. Im Rahmen des Projekts <a href=\"http:\/\/www.kuenstlerische-tatsachen.de\/\">\u00bbK\u00fcnstlerische Tatsachen\u00ab<\/a> arbeiten sie w\u00e4hrend des Sommers mit Wissenschaftler*innen aus unterschiedlichen Forschungsthemen. Nach dem Austauschprozess entstehen Kunstwerke, die im Herbst ausgestellt werden.<\/b><\/p>\n<p><!--more--><\/p>\n<p><span style=\"font-weight: 400\">\u00bbHinter uns liegen spannende Tage\u00ab, erz\u00e4hlt Enrique Torres, der Initiator des Projekts \u00bbK\u00fcnstlerische Tatsachen\u00ab im Jenaer TRAFO. \u00bb\u00dcber 80 Bewerbungen aus aller Welt haben uns erreicht, und wir waren das gesamte Pfingstwochenende damit besch\u00e4ftigt, all die tollen Ideen und Vorschl\u00e4ge zu pr\u00fcfen.\u00ab Nun steht fest, welche f\u00fcnf K\u00fcnstler*innen diesen Sommer nach Jena kommen und drei Monate im TRAFO arbeiten werden.<\/span><\/p>\n<p><img loading=\"lazy\" decoding=\"async\" class=\"alignleft wp-image-90\" src=\"https:\/\/www.hochschulwettbewerb.net\/2022\/hildesheim\/wp-content\/uploads\/sites\/70\/2022\/06\/Maxime-Chabal-2x3-sw-150x150.jpg\" alt=\"\" width=\"150\" height=\"225\" srcset=\"https:\/\/www.hochschulwettbewerb.net\/2022\/hildesheim\/wp-content\/uploads\/sites\/70\/2022\/06\/Maxime-Chabal-2x3-sw-200x300.jpg 200w, https:\/\/www.hochschulwettbewerb.net\/2022\/hildesheim\/wp-content\/uploads\/sites\/70\/2022\/06\/Maxime-Chabal-2x3-sw-683x1024.jpg 683w, https:\/\/www.hochschulwettbewerb.net\/2022\/hildesheim\/wp-content\/uploads\/sites\/70\/2022\/06\/Maxime-Chabal-2x3-sw-768x1152.jpg 768w, https:\/\/www.hochschulwettbewerb.net\/2022\/hildesheim\/wp-content\/uploads\/sites\/70\/2022\/06\/Maxime-Chabal-2x3-sw-1024x1536.jpg 1024w, https:\/\/www.hochschulwettbewerb.net\/2022\/hildesheim\/wp-content\/uploads\/sites\/70\/2022\/06\/Maxime-Chabal-2x3-sw-1365x2048.jpg 1365w, https:\/\/www.hochschulwettbewerb.net\/2022\/hildesheim\/wp-content\/uploads\/sites\/70\/2022\/06\/Maxime-Chabal-2x3-sw-100x150.jpg 100w, https:\/\/www.hochschulwettbewerb.net\/2022\/hildesheim\/wp-content\/uploads\/sites\/70\/2022\/06\/Maxime-Chabal-2x3-sw-150x225.jpg 150w, https:\/\/www.hochschulwettbewerb.net\/2022\/hildesheim\/wp-content\/uploads\/sites\/70\/2022\/06\/Maxime-Chabal-2x3-sw-300x450.jpg 300w, https:\/\/www.hochschulwettbewerb.net\/2022\/hildesheim\/wp-content\/uploads\/sites\/70\/2022\/06\/Maxime-Chabal-2x3-sw-450x675.jpg 450w, https:\/\/www.hochschulwettbewerb.net\/2022\/hildesheim\/wp-content\/uploads\/sites\/70\/2022\/06\/Maxime-Chabal-2x3-sw-600x900.jpg 600w, https:\/\/www.hochschulwettbewerb.net\/2022\/hildesheim\/wp-content\/uploads\/sites\/70\/2022\/06\/Maxime-Chabal-2x3-sw-900x1350.jpg 900w, https:\/\/www.hochschulwettbewerb.net\/2022\/hildesheim\/wp-content\/uploads\/sites\/70\/2022\/06\/Maxime-Chabal-2x3-sw-scaled.jpg 1706w\" sizes=\"auto, (max-width: 150px) 100vw, 150px\" \/><\/p>\n<p><span style=\"font-weight: 400\">Das ist zum Einen der franz\u00f6sische K\u00fcnstler <strong>\u200b\u200bMaxime Chabal.<\/strong> Er studierte zun\u00e4chst an der Staatlichen Hochschule der Sch\u00f6nen K\u00fcnste Lyon und schloss k\u00fcrzlich einen Master an der Hochschule f\u00fcr bildende K\u00fcnste Hamburg ab. In seinen Werken besch\u00e4ftigt sich der K\u00fcnstler mit k\u00f6rperlicher Zerbrechlichkeit und Krankheit und arbeitet sowohl skulptural als auch performativ. F\u00fcr seine Forschung in Jena wird er mit dem Lehrstuhl f\u00fcr Klinische Psychologie der Universit\u00e4t sowie dem Hans-Kn\u00f6ll-Institut zusammenarbeiten.<\/span><\/p>\n<p>&nbsp;<\/p>\n<p><span style=\"font-weight: 400\"><img loading=\"lazy\" decoding=\"async\" class=\"alignright wp-image-88\" src=\"https:\/\/www.hochschulwettbewerb.net\/2022\/hildesheim\/wp-content\/uploads\/sites\/70\/2022\/06\/Kristina-Cyan_Foto_Kristina-Cyan-2x3-sw.jpg\" alt=\"\" width=\"150\" height=\"225\" srcset=\"https:\/\/www.hochschulwettbewerb.net\/2022\/hildesheim\/wp-content\/uploads\/sites\/70\/2022\/06\/Kristina-Cyan_Foto_Kristina-Cyan-2x3-sw.jpg 1536w, https:\/\/www.hochschulwettbewerb.net\/2022\/hildesheim\/wp-content\/uploads\/sites\/70\/2022\/06\/Kristina-Cyan_Foto_Kristina-Cyan-2x3-sw-200x300.jpg 200w, https:\/\/www.hochschulwettbewerb.net\/2022\/hildesheim\/wp-content\/uploads\/sites\/70\/2022\/06\/Kristina-Cyan_Foto_Kristina-Cyan-2x3-sw-683x1024.jpg 683w, https:\/\/www.hochschulwettbewerb.net\/2022\/hildesheim\/wp-content\/uploads\/sites\/70\/2022\/06\/Kristina-Cyan_Foto_Kristina-Cyan-2x3-sw-768x1152.jpg 768w, https:\/\/www.hochschulwettbewerb.net\/2022\/hildesheim\/wp-content\/uploads\/sites\/70\/2022\/06\/Kristina-Cyan_Foto_Kristina-Cyan-2x3-sw-1024x1536.jpg 1024w, https:\/\/www.hochschulwettbewerb.net\/2022\/hildesheim\/wp-content\/uploads\/sites\/70\/2022\/06\/Kristina-Cyan_Foto_Kristina-Cyan-2x3-sw-1365x2048.jpg 1365w, https:\/\/www.hochschulwettbewerb.net\/2022\/hildesheim\/wp-content\/uploads\/sites\/70\/2022\/06\/Kristina-Cyan_Foto_Kristina-Cyan-2x3-sw-100x150.jpg 100w, https:\/\/www.hochschulwettbewerb.net\/2022\/hildesheim\/wp-content\/uploads\/sites\/70\/2022\/06\/Kristina-Cyan_Foto_Kristina-Cyan-2x3-sw-150x225.jpg 150w, https:\/\/www.hochschulwettbewerb.net\/2022\/hildesheim\/wp-content\/uploads\/sites\/70\/2022\/06\/Kristina-Cyan_Foto_Kristina-Cyan-2x3-sw-300x450.jpg 300w, https:\/\/www.hochschulwettbewerb.net\/2022\/hildesheim\/wp-content\/uploads\/sites\/70\/2022\/06\/Kristina-Cyan_Foto_Kristina-Cyan-2x3-sw-450x675.jpg 450w, https:\/\/www.hochschulwettbewerb.net\/2022\/hildesheim\/wp-content\/uploads\/sites\/70\/2022\/06\/Kristina-Cyan_Foto_Kristina-Cyan-2x3-sw-600x900.jpg 600w, https:\/\/www.hochschulwettbewerb.net\/2022\/hildesheim\/wp-content\/uploads\/sites\/70\/2022\/06\/Kristina-Cyan_Foto_Kristina-Cyan-2x3-sw-900x1350.jpg 900w\" sizes=\"auto, (max-width: 150px) 100vw, 150px\" \/>Au\u00dferdem kommt <strong>Kristina Cyan<\/strong> nach Jena. Sie hat zun\u00e4chst Bildende Kunst und Architektur in Sankt Petersburg und Kunstwissenschaften in Moskau studiert, bevor sie zum Studium der Kunst und digitalen Medien an die Wiener Akademie der bildenden K\u00fcnste wechselte. In ihrer Arbeit betrachtet sie die Wechselwirkungen zwischen Wissenschaft und Politik und politische Entscheidungsfindung angesichts der Debatten in den Medien. Zudem stellt sie die Frage, welche ethischen Ma\u00dfst\u00e4be in der Wissenschaft gelten. In Jena wird sie mit den Forscher*innen vom Zentrum f\u00fcr Rechtsextremismusforschung zusammenarbeiten.\u00a0<\/span><\/p>\n<p>&nbsp;<\/p>\n<p><img loading=\"lazy\" decoding=\"async\" class=\"alignleft wp-image-91\" src=\"https:\/\/www.hochschulwettbewerb.net\/2022\/hildesheim\/wp-content\/uploads\/sites\/70\/2022\/06\/Monika-Dorniak_Foto_Alexandre-De-Brabant-2x3-sw-150x150.jpg\" alt=\"\" width=\"150\" height=\"225\" srcset=\"https:\/\/www.hochschulwettbewerb.net\/2022\/hildesheim\/wp-content\/uploads\/sites\/70\/2022\/06\/Monika-Dorniak_Foto_Alexandre-De-Brabant-2x3-sw-200x300.jpg 200w, https:\/\/www.hochschulwettbewerb.net\/2022\/hildesheim\/wp-content\/uploads\/sites\/70\/2022\/06\/Monika-Dorniak_Foto_Alexandre-De-Brabant-2x3-sw-683x1024.jpg 683w, https:\/\/www.hochschulwettbewerb.net\/2022\/hildesheim\/wp-content\/uploads\/sites\/70\/2022\/06\/Monika-Dorniak_Foto_Alexandre-De-Brabant-2x3-sw-768x1152.jpg 768w, https:\/\/www.hochschulwettbewerb.net\/2022\/hildesheim\/wp-content\/uploads\/sites\/70\/2022\/06\/Monika-Dorniak_Foto_Alexandre-De-Brabant-2x3-sw-1024x1536.jpg 1024w, https:\/\/www.hochschulwettbewerb.net\/2022\/hildesheim\/wp-content\/uploads\/sites\/70\/2022\/06\/Monika-Dorniak_Foto_Alexandre-De-Brabant-2x3-sw-100x150.jpg 100w, https:\/\/www.hochschulwettbewerb.net\/2022\/hildesheim\/wp-content\/uploads\/sites\/70\/2022\/06\/Monika-Dorniak_Foto_Alexandre-De-Brabant-2x3-sw-150x225.jpg 150w, https:\/\/www.hochschulwettbewerb.net\/2022\/hildesheim\/wp-content\/uploads\/sites\/70\/2022\/06\/Monika-Dorniak_Foto_Alexandre-De-Brabant-2x3-sw-300x450.jpg 300w, https:\/\/www.hochschulwettbewerb.net\/2022\/hildesheim\/wp-content\/uploads\/sites\/70\/2022\/06\/Monika-Dorniak_Foto_Alexandre-De-Brabant-2x3-sw-450x675.jpg 450w, https:\/\/www.hochschulwettbewerb.net\/2022\/hildesheim\/wp-content\/uploads\/sites\/70\/2022\/06\/Monika-Dorniak_Foto_Alexandre-De-Brabant-2x3-sw-600x900.jpg 600w, https:\/\/www.hochschulwettbewerb.net\/2022\/hildesheim\/wp-content\/uploads\/sites\/70\/2022\/06\/Monika-Dorniak_Foto_Alexandre-De-Brabant-2x3-sw-900x1350.jpg 900w, https:\/\/www.hochschulwettbewerb.net\/2022\/hildesheim\/wp-content\/uploads\/sites\/70\/2022\/06\/Monika-Dorniak_Foto_Alexandre-De-Brabant-2x3-sw.jpg 1122w\" sizes=\"auto, (max-width: 150px) 100vw, 150px\" \/><\/p>\n<p><span style=\"font-weight: 400\">Die dritte K\u00fcnstlerin ist <strong>Monika Dorniak.<\/strong> Sie hat Bildende Kunst, Modedesign und Tanz studiert und hielt sich dazu in Berlin und London auf. Au\u00dferdem absolvierte sie ein Psychologiestudium in Trier und ein Forschungspraktikum zu biologischer Psychologie. In Jena wird sie all ihre Disziplinen vereinen: Auf der Grundlage ihrer Zusammenarbeit mit dem Lehrstuhl f\u00fcr Klinische Psychologie und dem IMPULS-Forschungsverbund zwischen Uniklinikum und Fritz-Lipmann-Institut produziert sie sowohl skulpturale Werke als auch eine Performance. Dabei besch\u00e4ftigt sie sich mit der Sinneswahrnehmung von Patient*innen mit psychischen Erkrankungen.\u00a0<\/span><\/p>\n<p>&nbsp;<\/p>\n<p><span style=\"font-weight: 400\"><img loading=\"lazy\" decoding=\"async\" class=\"alignright wp-image-92\" src=\"https:\/\/www.hochschulwettbewerb.net\/2022\/hildesheim\/wp-content\/uploads\/sites\/70\/2022\/06\/Nahye-Gu-2x3-sw-150x150.jpg\" alt=\"\" width=\"150\" height=\"225\" srcset=\"https:\/\/www.hochschulwettbewerb.net\/2022\/hildesheim\/wp-content\/uploads\/sites\/70\/2022\/06\/Nahye-Gu-2x3-sw-200x300.jpg 200w, https:\/\/www.hochschulwettbewerb.net\/2022\/hildesheim\/wp-content\/uploads\/sites\/70\/2022\/06\/Nahye-Gu-2x3-sw-683x1024.jpg 683w, https:\/\/www.hochschulwettbewerb.net\/2022\/hildesheim\/wp-content\/uploads\/sites\/70\/2022\/06\/Nahye-Gu-2x3-sw-768x1152.jpg 768w, https:\/\/www.hochschulwettbewerb.net\/2022\/hildesheim\/wp-content\/uploads\/sites\/70\/2022\/06\/Nahye-Gu-2x3-sw-1024x1536.jpg 1024w, https:\/\/www.hochschulwettbewerb.net\/2022\/hildesheim\/wp-content\/uploads\/sites\/70\/2022\/06\/Nahye-Gu-2x3-sw-1365x2048.jpg 1365w, https:\/\/www.hochschulwettbewerb.net\/2022\/hildesheim\/wp-content\/uploads\/sites\/70\/2022\/06\/Nahye-Gu-2x3-sw-100x150.jpg 100w, https:\/\/www.hochschulwettbewerb.net\/2022\/hildesheim\/wp-content\/uploads\/sites\/70\/2022\/06\/Nahye-Gu-2x3-sw-150x225.jpg 150w, https:\/\/www.hochschulwettbewerb.net\/2022\/hildesheim\/wp-content\/uploads\/sites\/70\/2022\/06\/Nahye-Gu-2x3-sw-300x450.jpg 300w, https:\/\/www.hochschulwettbewerb.net\/2022\/hildesheim\/wp-content\/uploads\/sites\/70\/2022\/06\/Nahye-Gu-2x3-sw-450x675.jpg 450w, https:\/\/www.hochschulwettbewerb.net\/2022\/hildesheim\/wp-content\/uploads\/sites\/70\/2022\/06\/Nahye-Gu-2x3-sw-600x900.jpg 600w, https:\/\/www.hochschulwettbewerb.net\/2022\/hildesheim\/wp-content\/uploads\/sites\/70\/2022\/06\/Nahye-Gu-2x3-sw-900x1350.jpg 900w, https:\/\/www.hochschulwettbewerb.net\/2022\/hildesheim\/wp-content\/uploads\/sites\/70\/2022\/06\/Nahye-Gu-2x3-sw-scaled.jpg 1707w\" sizes=\"auto, (max-width: 150px) 100vw, 150px\" \/>Aus S\u00fcdkorea kommt <strong>Nahye Gu<\/strong> nach Jena. Sie studierte Kunsthandwerk und zeitgen\u00f6ssische Kunst an der Konkuk University Seoul. In ihrem k\u00fcnstlerischen Werk besch\u00e4ftigt sie sich intensiv mit dem Thema Raumerfahrung, wobei sie technologische Entwicklungen des 21. Jahrhunderts wie Virtual Reality in den Vordergrund stellt. In Jena wird sie der Frage nachgehen, wie krankmachende Bakterien von ihrem menschlichen Wirt lernen. Dazu wird sie mit den Forscher*innen des Hans-Kn\u00f6ll-Instituts zusammenarbeiten. Am Ende entsteht eine Installation, die auf digital erweiterter Wahrnehmung basiert.\u00a0<\/span><\/p>\n<p>&nbsp;<\/p>\n<p><span style=\"font-weight: 400\"><img loading=\"lazy\" decoding=\"async\" class=\"alignleft wp-image-89\" src=\"https:\/\/www.hochschulwettbewerb.net\/2022\/hildesheim\/wp-content\/uploads\/sites\/70\/2022\/06\/Lisa-Hopf-2x3-sw-150x150.jpg\" alt=\"\" width=\"150\" height=\"225\" srcset=\"https:\/\/www.hochschulwettbewerb.net\/2022\/hildesheim\/wp-content\/uploads\/sites\/70\/2022\/06\/Lisa-Hopf-2x3-sw-200x301.jpg 200w, https:\/\/www.hochschulwettbewerb.net\/2022\/hildesheim\/wp-content\/uploads\/sites\/70\/2022\/06\/Lisa-Hopf-2x3-sw-100x150.jpg 100w, https:\/\/www.hochschulwettbewerb.net\/2022\/hildesheim\/wp-content\/uploads\/sites\/70\/2022\/06\/Lisa-Hopf-2x3-sw-150x225.jpg 150w, https:\/\/www.hochschulwettbewerb.net\/2022\/hildesheim\/wp-content\/uploads\/sites\/70\/2022\/06\/Lisa-Hopf-2x3-sw-300x451.jpg 300w, https:\/\/www.hochschulwettbewerb.net\/2022\/hildesheim\/wp-content\/uploads\/sites\/70\/2022\/06\/Lisa-Hopf-2x3-sw-450x676.jpg 450w, https:\/\/www.hochschulwettbewerb.net\/2022\/hildesheim\/wp-content\/uploads\/sites\/70\/2022\/06\/Lisa-Hopf-2x3-sw.jpg 599w\" sizes=\"auto, (max-width: 150px) 100vw, 150px\" \/>Mit <strong>Lisa Hopf<\/strong> ist nicht zuletzt auch eine regional verwurzelte K\u00fcnstlerin mit dabei. In ihren meist skulpturalen Arbeiten aus Stahl und Textilien versucht sie Widerspr\u00fcche und Irritationen zu erzeugen und hinterfragt oft humorvoll die Besessenheit auf das Funktionieren und Optimieren. Im Rahmen von \u00bbK\u00fcnstlerische Tatsachen\u00ab wird sie mit der Abteilung f\u00fcr Biologische Psychologie und kognitive Neurowissenschaft der Universit\u00e4t Jena zusammenarbeiten und dabei ergr\u00fcnden, wie Wahrnehmung und das menschliche Gehirn funktionieren. Au\u00dferdem ist auch eine Kooperation mit dem Leibniz-Institut f\u00fcr photonische Technologien geplant.<\/span><\/p>\n<p>&nbsp;<\/p>\n<blockquote><p><span style=\"font-weight: 400\"><strong>\u00bbDie Auswahl zeigt, dass die Bandbreite der k\u00fcnstlerischen Sparten ebenso vielf\u00e4ltig ist wie die wissenschaftlichen Disziplinen, die wir in unserem Projekt vereinen\u00ab,<\/strong> so Elodie Sacher, die f\u00fcr die Wissenschaftskoordination des Projektes zust\u00e4ndig ist. <strong>\u00bbIch freue mich auf spannende Begegnungen in Laboren und Ateliers, die ohne unser Projekt wohl so nie stattfinden w\u00fcrden.\u00ab<\/strong><\/span><\/p><\/blockquote>\n<p>&nbsp;<\/p>\n<p><b>Hintergrundinformationen<\/b><\/p>\n<p><span style=\"font-weight: 400\"><a href=\"http:\/\/www.kuenstlerische-tatsachen.de\/\">\u00bbK\u00fcnstlerische Tatsachen\u00ab<\/a> bringt Wissenschaft und Kunst zusammen und entwickelt den TRAFO Jena zu einem einmaligen Ort des Austauschs der Disziplinen. F\u00fcnf K\u00fcnstler*innen bekommen die M\u00f6glichkeit, drei Monate in Jena zu wohnen zu arbeiten. Die Jenaer B\u00fcrger*innen haben dabei die M\u00f6glichkeit, diese Begegnungen im Rahmen der Reihe <a href=\"https:\/\/www.hochschulwettbewerb.net\/2022\/hildesheim\/\">\u00bbkT Fellows\u00ab<\/a> hautnah mitzuerleben. Alle sind eingeladen, an den vom Hochschulwettbewerb gef\u00f6rderten Workshops teilzunehmen und im Herbst eine gemeinsame Ausstellung im TRAFO-Magazin zu besichtigen.<\/span><\/p>\n","protected":false},"excerpt":{"rendered":"<p>Von Juli bis September werden f\u00fcnf K\u00fcnstler*innen im TRAFO Jena ihr Atelier beziehen. Im Rahmen des Projekts \u00bbK\u00fcnstlerische Tatsachen\u00ab arbeiten sie w\u00e4hrend des Sommers mit Wissenschaftler*innen aus unterschiedlichen Forschungsthemen. Nach<span class=\"ellipsis\">&hellip;<\/span><\/p>\n","protected":false},"author":72,"featured_media":93,"comment_status":"closed","ping_status":"closed","sticky":false,"template":"","format":"standard","meta":{"_acf_changed":false,"footnotes":""},"tags":[4,8,10,9,5,2],"class_list":["post-87","post","type-post","status-publish","format-standard","has-post-thumbnail","hentry","tag-arts-and-science","tag-auswahl","tag-forschung","tag-jena","tag-kuenstlerische-tatsachen","tag-residency"],"acf":[],"aioseo_notices":[],"_links":{"self":[{"href":"https:\/\/www.hochschulwettbewerb.net\/2022\/hildesheim\/wp-json\/wp\/v2\/posts\/87","targetHints":{"allow":["GET"]}}],"collection":[{"href":"https:\/\/www.hochschulwettbewerb.net\/2022\/hildesheim\/wp-json\/wp\/v2\/posts"}],"about":[{"href":"https:\/\/www.hochschulwettbewerb.net\/2022\/hildesheim\/wp-json\/wp\/v2\/types\/post"}],"author":[{"embeddable":true,"href":"https:\/\/www.hochschulwettbewerb.net\/2022\/hildesheim\/wp-json\/wp\/v2\/users\/72"}],"replies":[{"embeddable":true,"href":"https:\/\/www.hochschulwettbewerb.net\/2022\/hildesheim\/wp-json\/wp\/v2\/comments?post=87"}],"version-history":[{"count":10,"href":"https:\/\/www.hochschulwettbewerb.net\/2022\/hildesheim\/wp-json\/wp\/v2\/posts\/87\/revisions"}],"predecessor-version":[{"id":103,"href":"https:\/\/www.hochschulwettbewerb.net\/2022\/hildesheim\/wp-json\/wp\/v2\/posts\/87\/revisions\/103"}],"wp:featuredmedia":[{"embeddable":true,"href":"https:\/\/www.hochschulwettbewerb.net\/2022\/hildesheim\/wp-json\/wp\/v2\/media\/93"}],"wp:attachment":[{"href":"https:\/\/www.hochschulwettbewerb.net\/2022\/hildesheim\/wp-json\/wp\/v2\/media?parent=87"}],"wp:term":[{"taxonomy":"post_tag","embeddable":true,"href":"https:\/\/www.hochschulwettbewerb.net\/2022\/hildesheim\/wp-json\/wp\/v2\/tags?post=87"}],"curies":[{"name":"wp","href":"https:\/\/api.w.org\/{rel}","templated":true}]}}