{"id":174,"date":"2022-12-20T13:55:57","date_gmt":"2022-12-20T12:55:57","guid":{"rendered":"https:\/\/www.hochschulwettbewerb.net\/2022\/kempten\/?p=174"},"modified":"2022-12-20T14:10:00","modified_gmt":"2022-12-20T13:10:00","slug":"projektabschluss-von-silverscience","status":"publish","type":"post","link":"https:\/\/www.hochschulwettbewerb.net\/2022\/kempten\/2022\/12\/20\/projektabschluss-von-silverscience\/","title":{"rendered":"Projektabschluss von SilverScience"},"content":{"rendered":"<p>Das Jahr 2022 ist f\u00fcr uns am IGG in diesem Jahr &#8211; gef\u00fchlt &#8211; noch schneller verlaufen als sonst. Nicht zu letzt deshalb, da der Kalender mit unserem partizipativen Forschungsprojekt stets gut gef\u00fcllt war. Insgesamt hat sich unsere Forschungsgruppe 14 Mal getroffen. Im Schnitt alle zwei Wochen. P\u00fcnkltich zum Jahresende konnten wir nun den offiziellen Abschluss von <a href=\"https:\/\/www.hochschulwettbewerb.net\/2022\/kempten\/\"><em>SilverScience &#8211; Seniorische Sozialforschung<\/em><\/a> mit der Pr\u00e4sentation unserer Forschungsergebnisse feiern. Am Donnerstag, den 01. Dezember 2022 war die (Fach-)\u00d6ffentlichkeit ins Altstadthaus Kempten eingeladen. Rund 65 Personen, unter Ihnen seniorenpolitische Akteure, aber auch Befragungsteilnehmende, nahmen teil.<\/p>\n<p>Er\u00f6ffnet wurde der Abend durch ein Gru\u00dfwort des Pr\u00e4sidenten der <a href=\"https:\/\/www.hs-kempten.de\/\">Hochschule Kempten<\/a> Prof. Wolfgang Hauke. Dieser hebte die Einzigartigkeit des Forschungsvorhabens und unsere Anstregungen hervor. Ein Vortrag durch uns Projektleiterinnen zum Verlauf des Projekts und den Ergebnissen wurde zun\u00e4chst durch zwei unserer Co-Forscherinnen eingeleitet. Sie hatten sich einen am\u00fcsanten Dialog \u00fcberlegt, der alltagsnah die Ergebnisse unserer Befragung aufgriffen. Stichwort: Es steht doch jeder mal im Zwiespalt zwischen der digitalen und analogen Welt.<\/p>\n<p>Bei unserem Vortrag versuchten wir den Anwesenden einen Einblick in unsere letzten neun Monate zu geben. Begonnen mit der Gewinnung unserer Co-Forschenden, hin zu den sozialwissenschaftlichen Methodenworkshops, der Datenerhebung und letztendlich der Auswertung und Ergebnisdarstellung. Eins wurde sp\u00e4testens deutlich, als die Co-Forschenden das Wort ergriffen und den Zuh\u00f6renden ihre Poster pr\u00e4sentierten. Wir hatten zwar eine arbeitsintensive Zeit, aber der Spa\u00df kam nie zu kurz. Beide Seiten, Co-Forschenden als auch wir Projektleiterinnen, sch\u00e4tzen sich sehr und alle Beteiligten hatten eine \u00fcberaus bereichernde, lehrreiche Zeit. Hierf\u00fcr sind wir dem <a href=\"https:\/\/www.hochschulwettbewerb.net\/2022\/\">Hochschulwettbewerb<\/a> und dem Team von WiD dankbar, diese M\u00f6glichkeit gehabt zu haben.<\/p>\n<p>&nbsp;<\/p>\n<h4>Unsere Befragungsergebnisse kurz zusammengefasst<\/h4>\n<p>Die Befragung zeigte, dass viele der Teilnehmenden durchaus Vorteile in der Digitalisierung sehen. So sind Messenger-Dienste ein guter Weg, mit Familie und Freunden mitunter \u00fcber weite Entfernungen in Kontakt zu bleiben. Auch der Unterhaltungswert \u00fcber Mediatheken, Spotify und E-Books wird sehr gesch\u00e4tzt.<br \/>\nEin gro\u00dfes Problem stellt die Masse an verf\u00fcgbaren Informationen f\u00fcr Senior*innen dar. Hier f\u00e4llt es schwer, sogenannte \u201eFakenews\u201c als solche zu identifizieren. Dar\u00fcber hinaus werden relevante Informationen zum Teil schwer gefunden, da die Anwendungen nicht auf die Bed\u00fcrfnisse der \u00e4lteren Menschen ausgelegt sind. Immer wieder wurde der Wunsch nach flexiblen und schnellen Unterst\u00fctzungsm\u00f6glichkeiten vor allem im akuten Digitalen-Notfall genannt.<\/p>\n<p>Aus den Ergebnissen leitete die Forschungsgruppe wiederum Handlungsempfehlungen ab. Diese sollen unter anderem kommunalen Einrichtungen Empfehlungen in Bezug auf Bedarfe von Senior*innen hinsichtlich der Digitalisierung geben.<\/p>\n<p>&nbsp;<\/p>\n<h4>Ausstellung noch bis Ende Februar 2023<\/h4>\n<p>Bis Ende Februar 2023 besteht nochdie M\u00f6glichkeit, die Projektergebnisse im Rahmen einer kleinen Ausstellung im <a href=\"https:\/\/www.kempten.de\/altstadthaus-379.html?msclkid=053781b2af6211ecb79fab1fcb2378b3\">Altstadthaus Kempten<\/a> zu den \u00d6ffnungszeiten (Montag bis Donnerstag von 08.00 &#8211; 17.30 Uhr sowie Freitags von 08.00 &#8211; 12.00 Uhr) zu besichtigen. Die Forschungsgruppe hat auf insgesamt <a href=\"https:\/\/www.hochschulwettbewerb.net\/2022\/kempten\/2022\/12\/05\/aufbereitung-der-forschungsergebnisse\/\">vier anschaulichen Postern<\/a> den Projektverlauf sowie die Befragungsergebnisse zusammengefasst. Bei Fragen stehen die Projektleiterinnen Eva Konrad und Anna Westbrock unter <a href=\"mailto:igg@hs-kempten.de%3cmailto:igg@hs-kempten.de\">igg@hs-kempten.de<\/a> oder telefonisch unter 0831\/697143-13 oder -19 zur Verf\u00fcgung.<\/p>\n<p>&nbsp;<\/p>\n<h4>Einblicke in unsere Abschlussveranstaltung<\/h4>\n<figure id=\"attachment_184\" aria-describedby=\"caption-attachment-184\" style=\"width: 663px\" class=\"wp-caption alignleft\"><img loading=\"lazy\" decoding=\"async\" class=\"wp-image-184 \" src=\"https:\/\/www.hochschulwettbewerb.net\/2022\/kempten\/wp-content\/uploads\/sites\/67\/2022\/12\/Forschungsgruppe-SilverScience-300x199.jpg\" alt=\"Zu sehen sind mehrere \u00e4ltere Menschen. Die Gruppe l\u00e4chelt in die Kamera.\" width=\"663\" height=\"440\" srcset=\"https:\/\/www.hochschulwettbewerb.net\/2022\/kempten\/wp-content\/uploads\/sites\/67\/2022\/12\/Forschungsgruppe-SilverScience-300x199.jpg 300w, https:\/\/www.hochschulwettbewerb.net\/2022\/kempten\/wp-content\/uploads\/sites\/67\/2022\/12\/Forschungsgruppe-SilverScience-1024x678.jpg 1024w, https:\/\/www.hochschulwettbewerb.net\/2022\/kempten\/wp-content\/uploads\/sites\/67\/2022\/12\/Forschungsgruppe-SilverScience-768x509.jpg 768w, https:\/\/www.hochschulwettbewerb.net\/2022\/kempten\/wp-content\/uploads\/sites\/67\/2022\/12\/Forschungsgruppe-SilverScience-1536x1017.jpg 1536w, https:\/\/www.hochschulwettbewerb.net\/2022\/kempten\/wp-content\/uploads\/sites\/67\/2022\/12\/Forschungsgruppe-SilverScience-2048x1356.jpg 2048w, https:\/\/www.hochschulwettbewerb.net\/2022\/kempten\/wp-content\/uploads\/sites\/67\/2022\/12\/Forschungsgruppe-SilverScience-100x66.jpg 100w, https:\/\/www.hochschulwettbewerb.net\/2022\/kempten\/wp-content\/uploads\/sites\/67\/2022\/12\/Forschungsgruppe-SilverScience-150x99.jpg 150w, https:\/\/www.hochschulwettbewerb.net\/2022\/kempten\/wp-content\/uploads\/sites\/67\/2022\/12\/Forschungsgruppe-SilverScience-200x132.jpg 200w, https:\/\/www.hochschulwettbewerb.net\/2022\/kempten\/wp-content\/uploads\/sites\/67\/2022\/12\/Forschungsgruppe-SilverScience-450x298.jpg 450w, https:\/\/www.hochschulwettbewerb.net\/2022\/kempten\/wp-content\/uploads\/sites\/67\/2022\/12\/Forschungsgruppe-SilverScience-600x397.jpg 600w, https:\/\/www.hochschulwettbewerb.net\/2022\/kempten\/wp-content\/uploads\/sites\/67\/2022\/12\/Forschungsgruppe-SilverScience-900x596.jpg 900w\" sizes=\"auto, (max-width: 663px) 100vw, 663px\" \/><figcaption id=\"caption-attachment-184\" class=\"wp-caption-text\">Die Forschungsgruppe SilverScience.<\/figcaption><\/figure>\n<figure id=\"attachment_179\" aria-describedby=\"caption-attachment-179\" style=\"width: 665px\" class=\"wp-caption alignleft\"><img loading=\"lazy\" decoding=\"async\" class=\" wp-image-179\" src=\"https:\/\/www.hochschulwettbewerb.net\/2022\/kempten\/wp-content\/uploads\/sites\/67\/2022\/12\/Anna-Westbrock-und-Eva-Konrad-bei-Ansage-300x200.png\" alt=\"Das Bild zeigt zwei Frauen. Eine davon h\u00e4lt ein Mikrofon und spricht. Es sind die Leiterinnen des Projekts Anna Westbrock und Eva Konrad bei der Er\u00f6ffnung eines Vortrags.\" width=\"665\" height=\"443\" srcset=\"https:\/\/www.hochschulwettbewerb.net\/2022\/kempten\/wp-content\/uploads\/sites\/67\/2022\/12\/Anna-Westbrock-und-Eva-Konrad-bei-Ansage-300x200.png 300w, https:\/\/www.hochschulwettbewerb.net\/2022\/kempten\/wp-content\/uploads\/sites\/67\/2022\/12\/Anna-Westbrock-und-Eva-Konrad-bei-Ansage-1024x683.png 1024w, https:\/\/www.hochschulwettbewerb.net\/2022\/kempten\/wp-content\/uploads\/sites\/67\/2022\/12\/Anna-Westbrock-und-Eva-Konrad-bei-Ansage-768x512.png 768w, https:\/\/www.hochschulwettbewerb.net\/2022\/kempten\/wp-content\/uploads\/sites\/67\/2022\/12\/Anna-Westbrock-und-Eva-Konrad-bei-Ansage-1536x1024.png 1536w, https:\/\/www.hochschulwettbewerb.net\/2022\/kempten\/wp-content\/uploads\/sites\/67\/2022\/12\/Anna-Westbrock-und-Eva-Konrad-bei-Ansage-2048x1365.png 2048w, https:\/\/www.hochschulwettbewerb.net\/2022\/kempten\/wp-content\/uploads\/sites\/67\/2022\/12\/Anna-Westbrock-und-Eva-Konrad-bei-Ansage-100x67.png 100w, https:\/\/www.hochschulwettbewerb.net\/2022\/kempten\/wp-content\/uploads\/sites\/67\/2022\/12\/Anna-Westbrock-und-Eva-Konrad-bei-Ansage-150x100.png 150w, https:\/\/www.hochschulwettbewerb.net\/2022\/kempten\/wp-content\/uploads\/sites\/67\/2022\/12\/Anna-Westbrock-und-Eva-Konrad-bei-Ansage-200x133.png 200w, https:\/\/www.hochschulwettbewerb.net\/2022\/kempten\/wp-content\/uploads\/sites\/67\/2022\/12\/Anna-Westbrock-und-Eva-Konrad-bei-Ansage-450x300.png 450w, https:\/\/www.hochschulwettbewerb.net\/2022\/kempten\/wp-content\/uploads\/sites\/67\/2022\/12\/Anna-Westbrock-und-Eva-Konrad-bei-Ansage-600x400.png 600w, https:\/\/www.hochschulwettbewerb.net\/2022\/kempten\/wp-content\/uploads\/sites\/67\/2022\/12\/Anna-Westbrock-und-Eva-Konrad-bei-Ansage-900x600.png 900w\" sizes=\"auto, (max-width: 665px) 100vw, 665px\" \/><figcaption id=\"caption-attachment-179\" class=\"wp-caption-text\">Die Leiterinnen des Projekts Anna Westbrock und Eva Konrad bei der Er\u00f6ffnung der Veranstaltung<\/figcaption><\/figure>\n<figure id=\"attachment_181\" aria-describedby=\"caption-attachment-181\" style=\"width: 666px\" class=\"wp-caption alignleft\"><img loading=\"lazy\" decoding=\"async\" class=\"wp-image-181 \" src=\"https:\/\/www.hochschulwettbewerb.net\/2022\/kempten\/wp-content\/uploads\/sites\/67\/2022\/12\/DSC_9165-300x183.jpg\" alt=\"Zu sehen sind mehrere Menschen von hinten fotografiert. Vor den Menschen steht eine junge Frau, die von vorne zu sehen ist.\" width=\"666\" height=\"407\" srcset=\"https:\/\/www.hochschulwettbewerb.net\/2022\/kempten\/wp-content\/uploads\/sites\/67\/2022\/12\/DSC_9165-300x183.jpg 300w, https:\/\/www.hochschulwettbewerb.net\/2022\/kempten\/wp-content\/uploads\/sites\/67\/2022\/12\/DSC_9165-1024x626.jpg 1024w, https:\/\/www.hochschulwettbewerb.net\/2022\/kempten\/wp-content\/uploads\/sites\/67\/2022\/12\/DSC_9165-768x470.jpg 768w, https:\/\/www.hochschulwettbewerb.net\/2022\/kempten\/wp-content\/uploads\/sites\/67\/2022\/12\/DSC_9165-1536x939.jpg 1536w, https:\/\/www.hochschulwettbewerb.net\/2022\/kempten\/wp-content\/uploads\/sites\/67\/2022\/12\/DSC_9165-2048x1252.jpg 2048w, https:\/\/www.hochschulwettbewerb.net\/2022\/kempten\/wp-content\/uploads\/sites\/67\/2022\/12\/DSC_9165-100x61.jpg 100w, https:\/\/www.hochschulwettbewerb.net\/2022\/kempten\/wp-content\/uploads\/sites\/67\/2022\/12\/DSC_9165-150x92.jpg 150w, https:\/\/www.hochschulwettbewerb.net\/2022\/kempten\/wp-content\/uploads\/sites\/67\/2022\/12\/DSC_9165-200x122.jpg 200w, https:\/\/www.hochschulwettbewerb.net\/2022\/kempten\/wp-content\/uploads\/sites\/67\/2022\/12\/DSC_9165-450x275.jpg 450w, https:\/\/www.hochschulwettbewerb.net\/2022\/kempten\/wp-content\/uploads\/sites\/67\/2022\/12\/DSC_9165-600x367.jpg 600w, https:\/\/www.hochschulwettbewerb.net\/2022\/kempten\/wp-content\/uploads\/sites\/67\/2022\/12\/DSC_9165-900x550.jpg 900w\" sizes=\"auto, (max-width: 666px) 100vw, 666px\" \/><figcaption id=\"caption-attachment-181\" class=\"wp-caption-text\">Anna Westbrock spricht zu den Zuh\u00f6renden.<\/figcaption><\/figure>\n<figure id=\"attachment_182\" aria-describedby=\"caption-attachment-182\" style=\"width: 666px\" class=\"wp-caption alignleft\"><img loading=\"lazy\" decoding=\"async\" class=\"wp-image-182 \" src=\"https:\/\/www.hochschulwettbewerb.net\/2022\/kempten\/wp-content\/uploads\/sites\/67\/2022\/12\/DSC_9248-300x199.jpg\" alt=\"Zu sehen ist ein Raum. Hierin sitzen viele Menschen. Sie schauen auf eine Leinwand.\" width=\"666\" height=\"442\" srcset=\"https:\/\/www.hochschulwettbewerb.net\/2022\/kempten\/wp-content\/uploads\/sites\/67\/2022\/12\/DSC_9248-300x199.jpg 300w, https:\/\/www.hochschulwettbewerb.net\/2022\/kempten\/wp-content\/uploads\/sites\/67\/2022\/12\/DSC_9248-1024x678.jpg 1024w, https:\/\/www.hochschulwettbewerb.net\/2022\/kempten\/wp-content\/uploads\/sites\/67\/2022\/12\/DSC_9248-768x509.jpg 768w, https:\/\/www.hochschulwettbewerb.net\/2022\/kempten\/wp-content\/uploads\/sites\/67\/2022\/12\/DSC_9248-1536x1017.jpg 1536w, https:\/\/www.hochschulwettbewerb.net\/2022\/kempten\/wp-content\/uploads\/sites\/67\/2022\/12\/DSC_9248-2048x1356.jpg 2048w, https:\/\/www.hochschulwettbewerb.net\/2022\/kempten\/wp-content\/uploads\/sites\/67\/2022\/12\/DSC_9248-100x66.jpg 100w, https:\/\/www.hochschulwettbewerb.net\/2022\/kempten\/wp-content\/uploads\/sites\/67\/2022\/12\/DSC_9248-150x99.jpg 150w, https:\/\/www.hochschulwettbewerb.net\/2022\/kempten\/wp-content\/uploads\/sites\/67\/2022\/12\/DSC_9248-200x132.jpg 200w, https:\/\/www.hochschulwettbewerb.net\/2022\/kempten\/wp-content\/uploads\/sites\/67\/2022\/12\/DSC_9248-450x298.jpg 450w, https:\/\/www.hochschulwettbewerb.net\/2022\/kempten\/wp-content\/uploads\/sites\/67\/2022\/12\/DSC_9248-600x397.jpg 600w, https:\/\/www.hochschulwettbewerb.net\/2022\/kempten\/wp-content\/uploads\/sites\/67\/2022\/12\/DSC_9248-900x596.jpg 900w\" sizes=\"auto, (max-width: 666px) 100vw, 666px\" \/><figcaption id=\"caption-attachment-182\" class=\"wp-caption-text\">Der Saal des Altstadthauses Kempten war gut gef\u00fcllt.<\/figcaption><\/figure>\n<figure id=\"attachment_180\" aria-describedby=\"caption-attachment-180\" style=\"width: 663px\" class=\"wp-caption alignleft\"><img loading=\"lazy\" decoding=\"async\" class=\"wp-image-180\" src=\"https:\/\/www.hochschulwettbewerb.net\/2022\/kempten\/wp-content\/uploads\/sites\/67\/2022\/12\/DSC_9144-300x237.jpg\" alt=\"Zu sehen ist eine Pinnwand. Hierauf befinden sich mehrere Papiere mit Text und Bildern. Es handelt sich um Steckbriefe, die Informationen zu den beteiligten Personen enthalten.\" width=\"663\" height=\"524\" srcset=\"https:\/\/www.hochschulwettbewerb.net\/2022\/kempten\/wp-content\/uploads\/sites\/67\/2022\/12\/DSC_9144-300x237.jpg 300w, https:\/\/www.hochschulwettbewerb.net\/2022\/kempten\/wp-content\/uploads\/sites\/67\/2022\/12\/DSC_9144-1024x808.jpg 1024w, https:\/\/www.hochschulwettbewerb.net\/2022\/kempten\/wp-content\/uploads\/sites\/67\/2022\/12\/DSC_9144-768x606.jpg 768w, https:\/\/www.hochschulwettbewerb.net\/2022\/kempten\/wp-content\/uploads\/sites\/67\/2022\/12\/DSC_9144-1536x1212.jpg 1536w, https:\/\/www.hochschulwettbewerb.net\/2022\/kempten\/wp-content\/uploads\/sites\/67\/2022\/12\/DSC_9144-2048x1617.jpg 2048w, https:\/\/www.hochschulwettbewerb.net\/2022\/kempten\/wp-content\/uploads\/sites\/67\/2022\/12\/DSC_9144-100x79.jpg 100w, https:\/\/www.hochschulwettbewerb.net\/2022\/kempten\/wp-content\/uploads\/sites\/67\/2022\/12\/DSC_9144-150x118.jpg 150w, https:\/\/www.hochschulwettbewerb.net\/2022\/kempten\/wp-content\/uploads\/sites\/67\/2022\/12\/DSC_9144-200x158.jpg 200w, https:\/\/www.hochschulwettbewerb.net\/2022\/kempten\/wp-content\/uploads\/sites\/67\/2022\/12\/DSC_9144-450x355.jpg 450w, https:\/\/www.hochschulwettbewerb.net\/2022\/kempten\/wp-content\/uploads\/sites\/67\/2022\/12\/DSC_9144-600x474.jpg 600w, https:\/\/www.hochschulwettbewerb.net\/2022\/kempten\/wp-content\/uploads\/sites\/67\/2022\/12\/DSC_9144-900x710.jpg 900w\" sizes=\"auto, (max-width: 663px) 100vw, 663px\" \/><figcaption id=\"caption-attachment-180\" class=\"wp-caption-text\">Unsere Forschungsgruppe stellt sich vor.<\/figcaption><\/figure>\n<p>&nbsp;<\/p>\n<p>&nbsp;<\/p>\n<p>&nbsp;<\/p>\n","protected":false},"excerpt":{"rendered":"<p>Das Jahr 2022 ist f\u00fcr uns am IGG in diesem Jahr &#8211; gef\u00fchlt &#8211; noch schneller verlaufen als sonst. Nicht zu letzt deshalb, da der Kalender mit unserem partizipativen Forschungsprojekt<span class=\"ellipsis\">&hellip;<\/span><\/p>\n","protected":false},"author":76,"featured_media":184,"comment_status":"closed","ping_status":"closed","sticky":false,"template":"","format":"standard","meta":{"_acf_changed":false,"footnotes":""},"tags":[],"class_list":["post-174","post","type-post","status-publish","format-standard","has-post-thumbnail","hentry"],"acf":[],"aioseo_notices":[],"_links":{"self":[{"href":"https:\/\/www.hochschulwettbewerb.net\/2022\/kempten\/wp-json\/wp\/v2\/posts\/174","targetHints":{"allow":["GET"]}}],"collection":[{"href":"https:\/\/www.hochschulwettbewerb.net\/2022\/kempten\/wp-json\/wp\/v2\/posts"}],"about":[{"href":"https:\/\/www.hochschulwettbewerb.net\/2022\/kempten\/wp-json\/wp\/v2\/types\/post"}],"author":[{"embeddable":true,"href":"https:\/\/www.hochschulwettbewerb.net\/2022\/kempten\/wp-json\/wp\/v2\/users\/76"}],"replies":[{"embeddable":true,"href":"https:\/\/www.hochschulwettbewerb.net\/2022\/kempten\/wp-json\/wp\/v2\/comments?post=174"}],"version-history":[{"count":12,"href":"https:\/\/www.hochschulwettbewerb.net\/2022\/kempten\/wp-json\/wp\/v2\/posts\/174\/revisions"}],"predecessor-version":[{"id":192,"href":"https:\/\/www.hochschulwettbewerb.net\/2022\/kempten\/wp-json\/wp\/v2\/posts\/174\/revisions\/192"}],"wp:featuredmedia":[{"embeddable":true,"href":"https:\/\/www.hochschulwettbewerb.net\/2022\/kempten\/wp-json\/wp\/v2\/media\/184"}],"wp:attachment":[{"href":"https:\/\/www.hochschulwettbewerb.net\/2022\/kempten\/wp-json\/wp\/v2\/media?parent=174"}],"wp:term":[{"taxonomy":"post_tag","embeddable":true,"href":"https:\/\/www.hochschulwettbewerb.net\/2022\/kempten\/wp-json\/wp\/v2\/tags?post=174"}],"curies":[{"name":"wp","href":"https:\/\/api.w.org\/{rel}","templated":true}]}}