{"id":142,"date":"2022-04-14T23:21:42","date_gmt":"2022-04-14T21:21:42","guid":{"rendered":"https:\/\/www.hochschulwettbewerb.net\/2022\/ulm\/?p=142"},"modified":"2022-07-12T22:54:40","modified_gmt":"2022-07-12T20:54:40","slug":"voller-hoersaal-bei-der-auftaktveranstaltung","status":"publish","type":"post","link":"https:\/\/www.hochschulwettbewerb.net\/2022\/ulm\/2022\/04\/14\/voller-hoersaal-bei-der-auftaktveranstaltung\/","title":{"rendered":"Voller H\u00f6rsaal bei der Auftaktveranstaltung"},"content":{"rendered":"<p>Nun sind genau 10 Tage seit unserer <a href=\"https:\/\/www.hochschulwettbewerb.net\/2022\/ulm\/2022\/03\/15\/auftaktveranstaltung-radar-macht-safe\/\">Auftaktveranstaltung<\/a> vergangen, auf die wir gl\u00fccklich und zufrieden zur\u00fcckblicken. Ungef\u00e4hr 60 interessierte B\u00fcrgerinnen und B\u00fcrger sind unserer Einladung an die THU gefolgt, wo wir unser Projekt \u201eRADar macht SAFE\u201c vorgestellt haben. Au\u00dferdem gab es eine Einf\u00fchrung in das OpenBikeSensor-Projekt inklusive interaktiver <a href=\"https:\/\/obs.verschwoer.haus\/visualization\/roads.html\">Karte<\/a> der bereits erhobenen Daten in Ulm sowie eine Reise zum SunTrip in Frankreich mit dem Solarfahrrad als <a href=\"https:\/\/youtu.be\/iXPsstraLrU\">Film<\/a>. Die OpenBike- und Radarsensoren konnten ebenso wie die Solar- und Lastenfahrr\u00e4der anschlie\u00dfend im Foyer angeschaut werden. Hier haben wir den Abend bei netten Gespr\u00e4chen und einem kleinen Imbiss ausklingen lassen. Sowohl <a href=\"https:\/\/www.regio-tv.de\/mediathek\/video\/citizen-science-projekt-radar-macht-safe\/\">RegioTV<\/a> als auch der <a href=\"https:\/\/www.swr.de\/swraktuell\/baden-wuerttemberg\/ulm\/ulmer-forscher-starten-projekt-mit-radarsensoren-fuer-sichereres-radfahren-100.html\">SWR<\/a> (in Radio und Fernsehen) haben \u00fcber unser Projekt berichtet und auch ein Reporter f\u00fcr die Sendung \u201e<a href=\"https:\/\/www.mdr.de\/brisant\/ratgeber\/sicher-fahrrad-fahren-helm-100.html\">Brisant<\/a>\u201c in der ARD war vor Ort.<\/p>\n<p>&nbsp;<\/p>\n<p><img loading=\"lazy\" decoding=\"async\" class=\" wp-image-144 alignleft\" src=\"https:\/\/www.hochschulwettbewerb.net\/2022\/ulm\/wp-content\/uploads\/sites\/75\/2022\/04\/OBS-300x200.jpg\" alt=\"\" width=\"319\" height=\"213\" srcset=\"https:\/\/www.hochschulwettbewerb.net\/2022\/ulm\/wp-content\/uploads\/sites\/75\/2022\/04\/OBS-300x200.jpg 300w, https:\/\/www.hochschulwettbewerb.net\/2022\/ulm\/wp-content\/uploads\/sites\/75\/2022\/04\/OBS-1024x682.jpg 1024w, https:\/\/www.hochschulwettbewerb.net\/2022\/ulm\/wp-content\/uploads\/sites\/75\/2022\/04\/OBS-768x512.jpg 768w, https:\/\/www.hochschulwettbewerb.net\/2022\/ulm\/wp-content\/uploads\/sites\/75\/2022\/04\/OBS-1536x1024.jpg 1536w, https:\/\/www.hochschulwettbewerb.net\/2022\/ulm\/wp-content\/uploads\/sites\/75\/2022\/04\/OBS-2048x1365.jpg 2048w, https:\/\/www.hochschulwettbewerb.net\/2022\/ulm\/wp-content\/uploads\/sites\/75\/2022\/04\/OBS-100x67.jpg 100w, https:\/\/www.hochschulwettbewerb.net\/2022\/ulm\/wp-content\/uploads\/sites\/75\/2022\/04\/OBS-150x100.jpg 150w, https:\/\/www.hochschulwettbewerb.net\/2022\/ulm\/wp-content\/uploads\/sites\/75\/2022\/04\/OBS-200x133.jpg 200w, https:\/\/www.hochschulwettbewerb.net\/2022\/ulm\/wp-content\/uploads\/sites\/75\/2022\/04\/OBS-450x300.jpg 450w, https:\/\/www.hochschulwettbewerb.net\/2022\/ulm\/wp-content\/uploads\/sites\/75\/2022\/04\/OBS-600x400.jpg 600w, https:\/\/www.hochschulwettbewerb.net\/2022\/ulm\/wp-content\/uploads\/sites\/75\/2022\/04\/OBS-900x600.jpg 900w\" sizes=\"auto, (max-width: 319px) 100vw, 319px\" \/><\/p>\n<p>Das Bild gibt schon mal einen Vorgeschmack auf die L\u00f6tworkshops, die in dieser Woche gestartet sind. Mehr dazu in unserem n\u00e4chsten Blogeintrag. F\u00fcr die Termine am 19. und 21. April gibt es noch ein paar freie Pl\u00e4tze. Wir freuen uns \u00fcber Anmeldungen per Mail an <a href=\"mailto:info@radarmachtsafe.de\">info[at]radarmachtsafe.de<\/a>.<\/p>\n","protected":false},"excerpt":{"rendered":"<p>Nun sind genau 10 Tage seit unserer Auftaktveranstaltung vergangen, auf die wir gl\u00fccklich und zufrieden zur\u00fcckblicken. Ungef\u00e4hr 60 interessierte B\u00fcrgerinnen und B\u00fcrger sind unserer Einladung an die THU gefolgt, wo<span class=\"ellipsis\">&hellip;<\/span><\/p>\n","protected":false},"author":75,"featured_media":175,"comment_status":"closed","ping_status":"closed","sticky":false,"template":"","format":"standard","meta":{"_acf_changed":false,"footnotes":""},"tags":[],"class_list":["post-142","post","type-post","status-publish","format-standard","has-post-thumbnail","hentry"],"acf":[],"aioseo_notices":[],"_links":{"self":[{"href":"https:\/\/www.hochschulwettbewerb.net\/2022\/ulm\/wp-json\/wp\/v2\/posts\/142","targetHints":{"allow":["GET"]}}],"collection":[{"href":"https:\/\/www.hochschulwettbewerb.net\/2022\/ulm\/wp-json\/wp\/v2\/posts"}],"about":[{"href":"https:\/\/www.hochschulwettbewerb.net\/2022\/ulm\/wp-json\/wp\/v2\/types\/post"}],"author":[{"embeddable":true,"href":"https:\/\/www.hochschulwettbewerb.net\/2022\/ulm\/wp-json\/wp\/v2\/users\/75"}],"replies":[{"embeddable":true,"href":"https:\/\/www.hochschulwettbewerb.net\/2022\/ulm\/wp-json\/wp\/v2\/comments?post=142"}],"version-history":[{"count":7,"href":"https:\/\/www.hochschulwettbewerb.net\/2022\/ulm\/wp-json\/wp\/v2\/posts\/142\/revisions"}],"predecessor-version":[{"id":176,"href":"https:\/\/www.hochschulwettbewerb.net\/2022\/ulm\/wp-json\/wp\/v2\/posts\/142\/revisions\/176"}],"wp:featuredmedia":[{"embeddable":true,"href":"https:\/\/www.hochschulwettbewerb.net\/2022\/ulm\/wp-json\/wp\/v2\/media\/175"}],"wp:attachment":[{"href":"https:\/\/www.hochschulwettbewerb.net\/2022\/ulm\/wp-json\/wp\/v2\/media?parent=142"}],"wp:term":[{"taxonomy":"post_tag","embeddable":true,"href":"https:\/\/www.hochschulwettbewerb.net\/2022\/ulm\/wp-json\/wp\/v2\/tags?post=142"}],"curies":[{"name":"wp","href":"https:\/\/api.w.org\/{rel}","templated":true}]}}