{"id":53,"date":"2022-03-15T16:43:31","date_gmt":"2022-03-15T15:43:31","guid":{"rendered":"https:\/\/www.hochschulwettbewerb.net\/2022\/ulm\/?p=53"},"modified":"2022-07-12T22:58:45","modified_gmt":"2022-07-12T20:58:45","slug":"auftaktveranstaltung-radar-macht-safe","status":"publish","type":"post","link":"https:\/\/www.hochschulwettbewerb.net\/2022\/ulm\/2022\/03\/15\/auftaktveranstaltung-radar-macht-safe\/","title":{"rendered":"Auftaktveranstaltung \u201eRADar macht SAFE\u201c"},"content":{"rendered":"<p class=\"western\">Am Montag, 04.04.2022, laden wir um 17:00 Uhr alle Interessierten zu einer Auftaktveranstaltung an die Technische Hochschule Ulm (<a href=\"https:\/\/studium.hs-ulm.de\/de\/Downloads\/Standorte_Lageplan_AEA.pdf\">Campus Albert-Einstein-Allee, Raum Q102<\/a>), ein. Hier stellen wir unsere Idee vor und zeigen, wie Sie sich in den verschiedenen Projektphasen einbringen und damit Teil unseres Forschungsprojekts werden k\u00f6nnen.<\/p>\n<p class=\"western\">Au\u00dferdem wird es Einblicke in das Projekt <a href=\"https:\/\/www.openbikesensor.org\/\">OpenBikeSensor<\/a> geben, auf dem \u201eRADar macht SAFE\u201c aufbaut. Hierbei werden unterschiedliche Sensoren und ihre Verwendung gezeigt. Als besondere Form der nachhaltigen Fahrradmobilit\u00e4t stellen Norbert Schulz und Olivier Guyot Solarfahrr\u00e4der vor und berichten von ihrer Teilnahme am Suntrip. Es werden sowohl Solarfahrr\u00e4der ausgestellt, die durch die THU konzipiert werden als auch ein Solarfahrrad, mit dem die beiden beim Suntrip unterwegs waren.<\/p>\n<p class=\"western\">Abschlie\u00dfend stehen wir bei Getr\u00e4nken gerne f\u00fcr Fragen zur Verf\u00fcgung und freuen uns auf den Austausch mit Ihnen.<\/p>\n<p class=\"western\">Eingeladen sind alle, die sich f\u00fcr die Themen nachhaltige Mobilit\u00e4t, Radfahren und Sensorik interessieren oder die schon immer mal bei einem Forschungsprojekt aktiv mitmachen wollten.<\/p>\n<p>*** Es gilt die 3G-Regel. Bitte bringen Sie einen entsprechenden Nachweis zur Veranstaltung mit und tragen eine Maske in den Innenr\u00e4umen. ***<\/p>\n","protected":false},"excerpt":{"rendered":"<p>Am Montag, 04.04.2022, laden wir um 17:00 Uhr alle Interessierten zu einer Auftaktveranstaltung an die Technische Hochschule Ulm (Campus Albert-Einstein-Allee, Raum Q102), ein. Hier stellen wir unsere Idee vor und<span class=\"ellipsis\">&hellip;<\/span><\/p>\n","protected":false},"author":75,"featured_media":178,"comment_status":"closed","ping_status":"closed","sticky":false,"template":"","format":"standard","meta":{"_acf_changed":false,"footnotes":""},"tags":[],"class_list":["post-53","post","type-post","status-publish","format-standard","has-post-thumbnail","hentry"],"acf":[],"aioseo_notices":[],"_links":{"self":[{"href":"https:\/\/www.hochschulwettbewerb.net\/2022\/ulm\/wp-json\/wp\/v2\/posts\/53","targetHints":{"allow":["GET"]}}],"collection":[{"href":"https:\/\/www.hochschulwettbewerb.net\/2022\/ulm\/wp-json\/wp\/v2\/posts"}],"about":[{"href":"https:\/\/www.hochschulwettbewerb.net\/2022\/ulm\/wp-json\/wp\/v2\/types\/post"}],"author":[{"embeddable":true,"href":"https:\/\/www.hochschulwettbewerb.net\/2022\/ulm\/wp-json\/wp\/v2\/users\/75"}],"replies":[{"embeddable":true,"href":"https:\/\/www.hochschulwettbewerb.net\/2022\/ulm\/wp-json\/wp\/v2\/comments?post=53"}],"version-history":[{"count":8,"href":"https:\/\/www.hochschulwettbewerb.net\/2022\/ulm\/wp-json\/wp\/v2\/posts\/53\/revisions"}],"predecessor-version":[{"id":179,"href":"https:\/\/www.hochschulwettbewerb.net\/2022\/ulm\/wp-json\/wp\/v2\/posts\/53\/revisions\/179"}],"wp:featuredmedia":[{"embeddable":true,"href":"https:\/\/www.hochschulwettbewerb.net\/2022\/ulm\/wp-json\/wp\/v2\/media\/178"}],"wp:attachment":[{"href":"https:\/\/www.hochschulwettbewerb.net\/2022\/ulm\/wp-json\/wp\/v2\/media?parent=53"}],"wp:term":[{"taxonomy":"post_tag","embeddable":true,"href":"https:\/\/www.hochschulwettbewerb.net\/2022\/ulm\/wp-json\/wp\/v2\/tags?post=53"}],"curies":[{"name":"wp","href":"https:\/\/api.w.org\/{rel}","templated":true}]}}