{"id":32,"date":"2023-07-06T09:01:33","date_gmt":"2023-07-06T07:01:33","guid":{"rendered":"https:\/\/www.hochschulwettbewerb.net\/2023\/erlangen2\/?p=32"},"modified":"2023-07-06T09:01:33","modified_gmt":"2023-07-06T07:01:33","slug":"wohin-geht-die-reise","status":"publish","type":"post","link":"https:\/\/www.hochschulwettbewerb.net\/2023\/erlangen2\/2023\/07\/06\/wohin-geht-die-reise\/","title":{"rendered":"Wohin geht die Reise?"},"content":{"rendered":"<p><img loading=\"lazy\" decoding=\"async\" class=\"wp-image-33 size-full aligncenter\" src=\"https:\/\/www.hochschulwettbewerb.net\/2023\/erlangen2\/wp-content\/uploads\/sites\/89\/2023\/07\/Gruppenfoto-hochformat.jpg\" alt=\"\" width=\"489\" height=\"799\" srcset=\"https:\/\/www.hochschulwettbewerb.net\/2023\/erlangen2\/wp-content\/uploads\/sites\/89\/2023\/07\/Gruppenfoto-hochformat.jpg 489w, https:\/\/www.hochschulwettbewerb.net\/2023\/erlangen2\/wp-content\/uploads\/sites\/89\/2023\/07\/Gruppenfoto-hochformat-184x300.jpg 184w, https:\/\/www.hochschulwettbewerb.net\/2023\/erlangen2\/wp-content\/uploads\/sites\/89\/2023\/07\/Gruppenfoto-hochformat-100x163.jpg 100w, https:\/\/www.hochschulwettbewerb.net\/2023\/erlangen2\/wp-content\/uploads\/sites\/89\/2023\/07\/Gruppenfoto-hochformat-150x245.jpg 150w, https:\/\/www.hochschulwettbewerb.net\/2023\/erlangen2\/wp-content\/uploads\/sites\/89\/2023\/07\/Gruppenfoto-hochformat-200x327.jpg 200w, https:\/\/www.hochschulwettbewerb.net\/2023\/erlangen2\/wp-content\/uploads\/sites\/89\/2023\/07\/Gruppenfoto-hochformat-300x490.jpg 300w, https:\/\/www.hochschulwettbewerb.net\/2023\/erlangen2\/wp-content\/uploads\/sites\/89\/2023\/07\/Gruppenfoto-hochformat-450x735.jpg 450w\" sizes=\"auto, (max-width: 489px) 100vw, 489px\" \/><\/p>\n<p>&nbsp;<\/p>\n<p>Ziel unserer Reise sind die faszinierenden Schwarzen L\u00f6cher! Einmal ein Schwarzes Loch ganz nah erleben ohne Gefahr zu laufen wie eine Spaghetti hinein zu Spiralisieren. \u00a0Wieso sieht eigentlich der Raum um das Schwarze Loch so verbogen aus? Und was leuchtet da au\u00dfen herum? Das sind Fragen, die wir auf unserer Expedition beantworten wollen.<\/p>\n<p>Das Team ist \u00a0vollst\u00e4ndig und wir machen uns auf den Weg zum Schwarzen Loch. Damit ihr wisst, wer wir sind, stellen wir uns aber kurz vor:<\/p>\n<p><strong>Dr. Annika Kreikenbohm<\/strong> ist Astrophysikerin und freiberufliche Informationsdesignerin. In diesem Projekt ist sie der kreative Kopf mit Blick auf das Konzept, damit die Expedition zu einer eindr\u00fccklichen Reise f\u00fcr alle Nutzenden wird.<\/p>\n<p><strong>Dr. Thomas Dauser<\/strong> ist ebenfalls Astrophysiker an der Dr. Karl-Remeis Sternwarte in Bamberg und Abenteurer (Alpinkletterer) aus Leidenschaft. Er liefert das theoretische Ger\u00fcst der VR Anwendung. Sein Ziel: eine m\u00f6glichst realistische Darstellung des Schwarzen Lochs und dessen Raumkr\u00fcmmung zu erm\u00f6glichen.<\/p>\n<p><strong>Prof. Tobias G\u00fcnter<\/strong> ist Informatiker und Inhaber der Professur f\u00fcr Visual Computing an der FAU Erlangen-N\u00fcrnberg. Dank ihm k\u00f6nnen wir die komplexen Formeln in eine sichtbare Welt \u00fcbersetzen. In der Umsetzung unterst\u00fctzen ihn dabei zwei Studierende.<\/p>\n<p><strong>Prof. J\u00f6rn Wilms<\/strong> ist Professor f\u00fcr Astrophysik der FAU und an der Dr. Karl-Remeis Sternwarte. Sein Kopf ist voller lebhafter Geschichten \u00fcber das Universum und Ideen, was es da drau\u00dfen zu entdecken geben k\u00f6nnte.<\/p>\n<p><strong>Blandina Mangelkramer &amp; Laura Kneppe<\/strong> sind von der Stabsstelle Presse und Kommunikation der FAU dabei, die uns in der Bewerbung und Kommunikation der VR Expedition tatkr\u00e4ftig unterst\u00fctzen.<\/p>\n<p>&nbsp;<\/p>\n","protected":false},"excerpt":{"rendered":"<p>&nbsp; Ziel unserer Reise sind die faszinierenden Schwarzen L\u00f6cher! Einmal ein Schwarzes Loch ganz nah erleben ohne Gefahr zu laufen wie eine Spaghetti hinein zu Spiralisieren. \u00a0Wieso sieht eigentlich der<span class=\"ellipsis\">&hellip;<\/span><\/p>\n","protected":false},"author":97,"featured_media":0,"comment_status":"closed","ping_status":"closed","sticky":false,"template":"","format":"standard","meta":{"_acf_changed":false,"footnotes":""},"tags":[],"class_list":["post-32","post","type-post","status-publish","format-standard","hentry"],"acf":[],"aioseo_notices":[],"_links":{"self":[{"href":"https:\/\/www.hochschulwettbewerb.net\/2023\/erlangen2\/wp-json\/wp\/v2\/posts\/32","targetHints":{"allow":["GET"]}}],"collection":[{"href":"https:\/\/www.hochschulwettbewerb.net\/2023\/erlangen2\/wp-json\/wp\/v2\/posts"}],"about":[{"href":"https:\/\/www.hochschulwettbewerb.net\/2023\/erlangen2\/wp-json\/wp\/v2\/types\/post"}],"author":[{"embeddable":true,"href":"https:\/\/www.hochschulwettbewerb.net\/2023\/erlangen2\/wp-json\/wp\/v2\/users\/97"}],"replies":[{"embeddable":true,"href":"https:\/\/www.hochschulwettbewerb.net\/2023\/erlangen2\/wp-json\/wp\/v2\/comments?post=32"}],"version-history":[{"count":3,"href":"https:\/\/www.hochschulwettbewerb.net\/2023\/erlangen2\/wp-json\/wp\/v2\/posts\/32\/revisions"}],"predecessor-version":[{"id":36,"href":"https:\/\/www.hochschulwettbewerb.net\/2023\/erlangen2\/wp-json\/wp\/v2\/posts\/32\/revisions\/36"}],"wp:attachment":[{"href":"https:\/\/www.hochschulwettbewerb.net\/2023\/erlangen2\/wp-json\/wp\/v2\/media?parent=32"}],"wp:term":[{"taxonomy":"post_tag","embeddable":true,"href":"https:\/\/www.hochschulwettbewerb.net\/2023\/erlangen2\/wp-json\/wp\/v2\/tags?post=32"}],"curies":[{"name":"wp","href":"https:\/\/api.w.org\/{rel}","templated":true}]}}